{"id":194538,"date":"2025-06-21T23:18:11","date_gmt":"2025-06-21T23:18:11","guid":{"rendered":"https:\/\/www.europesays.com\/fr\/194538\/"},"modified":"2025-06-21T23:18:11","modified_gmt":"2025-06-21T23:18:11","slug":"medvedev-soffre-zverev-a-halle-et-une-premiere-finale-en-15-mois","status":"publish","type":"post","link":"https:\/\/www.europesays.com\/fr\/194538\/","title":{"rendered":"Medvedev s\u2019offre Zverev \u00e0 Halle et une premi\u00e8re finale en 15 mois"},"content":{"rendered":"<p>Le Russe a manqu\u00e9 trois balles de matches dans la seconde manche avant de remporter la troisi\u00e8me (7-6, 6-7, 6-4).<\/p>\n<p class=\"fig-paragraph\">Le Russe Daniil Medvedev a domin\u00e9 samedi\u00a0<a href=\"http:\/\/www.lefigaro.fr\/sports\/tennis\/tennis-vainqueur-a-stuttgart-taylor-fritz-retrouve-la-4e-place-20250616\" data-fig-type=\"NewsFlash\" data-gtm-custom-categorie=\"navigation\" data-gtm-custom-action=\"crossclick\" data-gtm-custom-label=\"Contextuel\" data-gtm-event=\"customEventSPE\" data-fig-domain=\"LEFIGARO\" target=\"_blank\" rel=\"noopener\">Alexander Zverev<\/a>, num\u00e9ro 3 mondial, en demi-finales du tournoi ATP 500 de Halle. Il disputera dimanche sa premi\u00e8re finale sur le circuit depuis celle perdue en mars 2024. Le 11e joueur mondial a eu besoin de trois heures de jeu pour venir \u00e0 bout de l\u2019Allemand en trois sets 7-6, 6-7, 6-4, au terme d\u2019une bataille exceptionnelle de fond de court.<\/p>\n<p class=\"fig-paragraph\">Entre deux joueurs de la m\u00eame g\u00e9n\u00e9ration (28 ans pour Zverev, 29 pour Medvedev), il s\u2019agissait de la vingti\u00e8me confrontation, Medvedev menant d\u00e9sormais 13 \u00e0 7. L\u2019ancien num\u00e9ro 1 mondial (fin f\u00e9vrier et d\u00e9but mars 2022, puis de mi-juin \u00e0 fin septembre 2022) a remport\u00e9 12 de leurs 14 derniers duels, le dernier en\u00a0<a href=\"http:\/\/www.lefigaro.fr\/sports\/tennis\/open-australie\/open-d-australie-medvedev-renverse-zverev-et-defiera-sinner-en-finale-20240126\" data-fig-type=\"NewsFlash\" data-gtm-custom-categorie=\"navigation\" data-gtm-custom-action=\"crossclick\" data-gtm-custom-label=\"Contextuel\" data-gtm-event=\"customEventSPE\" data-fig-domain=\"LEFIGARO\" target=\"_blank\" rel=\"noopener\">demi-finales de l\u2019Open d\u2019Australie<\/a>\u00a0fin janvier 2024, en cinq sets et 4h18 de jeu.<\/p>\n<p class=\"fig-paragraph\">Vainqueur de l\u2019US Open en 2021 et double demi-finaliste de Wimbledon (2023 et 2024), Medvedev a gaspill\u00e9 un break d\u2019avance (2-0), trois premi\u00e8res balles de match sur le service de Zverev (6-5) dans le deuxi\u00e8me set et a \u00e9t\u00e9 pouss\u00e9 dans une troisi\u00e8me manche d\u00e9cisive. Il a conclu la rencontre une petite heure plus tard sur sa cinqui\u00e8me occasion sur un coup droit gagnant.<\/p>\n<p class=\"fig-paragraph\">Pour un 21e titre sur le circuit, le premier depuis son sacre sur la terre battue de Rome en mai 2023, Medvedev d\u00e9fiera le vainqueur de l\u2019autre demie \u00e0 Halle entre le Russe Karen Khachanov (22e) et le Kazakh Alexander Bublik (45e), tombeur du num\u00e9ro 1 mondial\u00a0<a href=\"http:\/\/www.lefigaro.fr\/sports\/tennis\/tennis-le-numero-un-mondial-jannik-sinner-a-terre-a-halle-20250619\" data-fig-type=\"NewsFlash\" data-gtm-custom-categorie=\"navigation\" data-gtm-custom-action=\"crossclick\" data-gtm-custom-label=\"Contextuel\" data-gtm-event=\"customEventSPE\" data-fig-domain=\"LEFIGARO\" target=\"_blank\" rel=\"noopener\">Jannik Sinner<\/a>\u00a0en huiti\u00e8mes de finale.<\/p>\n","protected":false},"excerpt":{"rendered":"Le Russe a manqu\u00e9 trois balles de matches dans la seconde manche avant de remporter la troisi\u00e8me (7-6,&hellip;\n","protected":false},"author":2,"featured_media":194539,"comment_status":"","ping_status":"","sticky":false,"template":"","format":"standard","meta":{"footnotes":""},"categories":[1415],"tags":[47,5827,4169,525,1981,4178,3252,4179,1011,27,8068,1114,3996,4177,4176,4174,4175,1980,4171,60,1467,4172,4173,4170],"class_list":{"0":"post-194538","1":"post","2":"type-post","3":"status-publish","4":"format-standard","5":"has-post-thumbnail","7":"category-tennis","8":"tag-actualite","9":"tag-alexander-zverev","10":"tag-atp","11":"tag-calendrier","12":"tag-classement","13":"tag-coupe-davis","14":"tag-daniil-medvedev","15":"tag-fed-cup","16":"tag-fr","17":"tag-france","18":"tag-halle","19":"tag-infos","20":"tag-jeux-olympiques","21":"tag-masters-1000","22":"tag-masters-500","23":"tag-masters-series","24":"tag-open-daustralie","25":"tag-resultats","26":"tag-roland-garros","27":"tag-sports","28":"tag-tennis","29":"tag-us-open","30":"tag-wimbledon","31":"tag-wta"},"share_on_mastodon":{"url":"https:\/\/pubeurope.com\/@fr\/114723913920449191","error":""},"_links":{"self":[{"href":"https:\/\/www.europesays.com\/fr\/wp-json\/wp\/v2\/posts\/194538","targetHints":{"allow":["GET"]}}],"collection":[{"href":"https:\/\/www.europesays.com\/fr\/wp-json\/wp\/v2\/posts"}],"about":[{"href":"https:\/\/www.europesays.com\/fr\/wp-json\/wp\/v2\/types\/post"}],"author":[{"embeddable":true,"href":"https:\/\/www.europesays.com\/fr\/wp-json\/wp\/v2\/users\/2"}],"replies":[{"embeddable":true,"href":"https:\/\/www.europesays.com\/fr\/wp-json\/wp\/v2\/comments?post=194538"}],"version-history":[{"count":0,"href":"https:\/\/www.europesays.com\/fr\/wp-json\/wp\/v2\/posts\/194538\/revisions"}],"wp:featuredmedia":[{"embeddable":true,"href":"https:\/\/www.europesays.com\/fr\/wp-json\/wp\/v2\/media\/194539"}],"wp:attachment":[{"href":"https:\/\/www.europesays.com\/fr\/wp-json\/wp\/v2\/media?parent=194538"}],"wp:term":[{"taxonomy":"category","embeddable":true,"href":"https:\/\/www.europesays.com\/fr\/wp-json\/wp\/v2\/categories?post=194538"},{"taxonomy":"post_tag","embeddable":true,"href":"https:\/\/www.europesays.com\/fr\/wp-json\/wp\/v2\/tags?post=194538"}],"curies":[{"name":"wp","href":"https:\/\/api.w.org\/{rel}","templated":true}]}}