{"id":194540,"date":"2025-06-21T23:20:14","date_gmt":"2025-06-21T23:20:14","guid":{"rendered":"https:\/\/www.europesays.com\/fr\/194540\/"},"modified":"2025-06-21T23:20:14","modified_gmt":"2025-06-21T23:20:14","slug":"le-test-daragon-nest-pas-suffisant-bagnaia-admet-quil-a-besoin-de-plus","status":"publish","type":"post","link":"https:\/\/www.europesays.com\/fr\/194540\/","title":{"rendered":"Le test d&rsquo;Arag\u00f3n n&rsquo;est pas suffisant : Bagnaia admet qu&rsquo;il a besoin de plus."},"content":{"rendered":"<p>Malgr\u00e9 les changements introduits lors des essais en Arag\u00f3n, Francesco Bagnaia estime que les am\u00e9liorations ne r\u00e9pondent toujours pas \u00e0 ses besoins. Le pilote se sent toujours limit\u00e9, surtout sur des circuits techniquement exigeants comme Mugello.<\/p>\n<p>\u2018Ils m\u2019ont aid\u00e9 \u00e0 avoir plus de stabilit\u00e9 \u00e0 l\u2019avant en entrant dans les virages, mais ce n\u2019est pas suffisant. Peut-\u00eatre que nous avons besoin d\u2019un autre pas.\u2019<\/p>\n<p>Le trac\u00e9 de Mugello, avec ses virages rapides et ses sections en descente, n\u2019a fait qu\u2019aggraver les probl\u00e8mes pour l\u2019Italien, qui y dominait constamment lors des saisons pr\u00e9c\u00e9dentes.<\/p>\n<p>\u2018Cette situation est compliqu\u00e9e. Mais ce qui se passe, c\u2019est que normalement, sur ce circuit, il est vrai qu\u2019il y avait d\u00e9j\u00e0 ces endroits difficiles, mais mon r\u00e9glage et ma moto \u00e9taient toujours super stables et m\u2019aidaient beaucoup \u00e0 \u00eatre constant et comp\u00e9titif. Cette saison, non. C\u2019est comme toutes les autres courses, et j\u2019ai du mal avec \u00e7a.\u2019<\/p>\n<p>Bagnaia compte maintenant sur Ducati pour fournir le soutien technique n\u00e9cessaire afin de retrouver son niveau habituel de comp\u00e9titivit\u00e9.<\/p>\n","protected":false},"excerpt":{"rendered":"Malgr\u00e9 les changements introduits lors des essais en Arag\u00f3n, Francesco Bagnaia estime que les am\u00e9liorations ne r\u00e9pondent toujours&hellip;\n","protected":false},"author":2,"featured_media":194541,"comment_status":"","ping_status":"","sticky":false,"template":"","format":"standard","meta":{"footnotes":""},"categories":[1413],"tags":[1011,27,18548,1457,1456,1458,60],"class_list":{"0":"post-194540","1":"post","2":"type-post","3":"status-publish","4":"format-standard","5":"has-post-thumbnail","7":"category-moto","8":"tag-fr","9":"tag-france","10":"tag-francesco-bagnaia","11":"tag-moto","12":"tag-motocycle","13":"tag-motogp","14":"tag-sports"},"share_on_mastodon":{"url":"https:\/\/pubeurope.com\/@fr\/114723921845068817","error":""},"_links":{"self":[{"href":"https:\/\/www.europesays.com\/fr\/wp-json\/wp\/v2\/posts\/194540","targetHints":{"allow":["GET"]}}],"collection":[{"href":"https:\/\/www.europesays.com\/fr\/wp-json\/wp\/v2\/posts"}],"about":[{"href":"https:\/\/www.europesays.com\/fr\/wp-json\/wp\/v2\/types\/post"}],"author":[{"embeddable":true,"href":"https:\/\/www.europesays.com\/fr\/wp-json\/wp\/v2\/users\/2"}],"replies":[{"embeddable":true,"href":"https:\/\/www.europesays.com\/fr\/wp-json\/wp\/v2\/comments?post=194540"}],"version-history":[{"count":0,"href":"https:\/\/www.europesays.com\/fr\/wp-json\/wp\/v2\/posts\/194540\/revisions"}],"wp:featuredmedia":[{"embeddable":true,"href":"https:\/\/www.europesays.com\/fr\/wp-json\/wp\/v2\/media\/194541"}],"wp:attachment":[{"href":"https:\/\/www.europesays.com\/fr\/wp-json\/wp\/v2\/media?parent=194540"}],"wp:term":[{"taxonomy":"category","embeddable":true,"href":"https:\/\/www.europesays.com\/fr\/wp-json\/wp\/v2\/categories?post=194540"},{"taxonomy":"post_tag","embeddable":true,"href":"https:\/\/www.europesays.com\/fr\/wp-json\/wp\/v2\/tags?post=194540"}],"curies":[{"name":"wp","href":"https:\/\/api.w.org\/{rel}","templated":true}]}}