{"id":194549,"date":"2025-06-21T23:25:23","date_gmt":"2025-06-21T23:25:23","guid":{"rendered":"https:\/\/www.europesays.com\/fr\/194549\/"},"modified":"2025-06-21T23:25:23","modified_gmt":"2025-06-21T23:25:23","slug":"bourg-en-bresse-depuis-40-ans-peindre-a-bourg-guide-les-pinceaux-des-burgiens","status":"publish","type":"post","link":"https:\/\/www.europesays.com\/fr\/194549\/","title":{"rendered":"Bourg-en-Bresse. Depuis 40 ans, Peindre \u00e0 Bourg guide les pinceaux des Burgiens"},"content":{"rendered":"<p>Qui dit peindre dit palette. Qui dit Bourg dit ville, monuments, \u00e9v\u00e9nements, rues\u2026 Pour leur exposition de fin d\u2019ann\u00e9e, qui est aussi celle des 40 ans de l\u2019association, les plus de cent \u00e9l\u00e8ves de l\u2019atelier Peindre \u00e0 Bourg ont \u0153uvr\u00e9 autour de ces deux th\u00e8mes.<\/p>\n<p>Le premier a donn\u00e9 lieu \u00e0 de multiples inspirations\u00a0: au gr\u00e9 de chacun, la palette s\u2019est faite nature,&#8230;<\/p>\n","protected":false},"excerpt":{"rendered":"Qui dit peindre dit palette. Qui dit Bourg dit ville, monuments, \u00e9v\u00e9nements, rues\u2026 Pour leur exposition de fin&hellip;\n","protected":false},"author":2,"featured_media":194550,"comment_status":"","ping_status":"","sticky":false,"template":"","format":"standard","meta":{"footnotes":""},"categories":[1358],"tags":[1348,1384,1385,6749,6750,1687,1386,58,6751,59,2271,1011,27],"class_list":{"0":"post-194549","1":"post","2":"type-post","3":"status-publish","4":"format-standard","5":"has-post-thumbnail","7":"category-arts-et-design","8":"tag-arts","9":"tag-arts-and-design","10":"tag-arts-et-design","11":"tag-bourg-en-bresse","12":"tag-bourg-en-bresse-ville","13":"tag-culture-loisirs","14":"tag-design","15":"tag-divertissement","16":"tag-edition-ain-ouest","17":"tag-entertainment","18":"tag-exposition-arts-plastiques","19":"tag-fr","20":"tag-france"},"share_on_mastodon":{"url":"https:\/\/pubeurope.com\/@fr\/114723941458733370","error":""},"_links":{"self":[{"href":"https:\/\/www.europesays.com\/fr\/wp-json\/wp\/v2\/posts\/194549","targetHints":{"allow":["GET"]}}],"collection":[{"href":"https:\/\/www.europesays.com\/fr\/wp-json\/wp\/v2\/posts"}],"about":[{"href":"https:\/\/www.europesays.com\/fr\/wp-json\/wp\/v2\/types\/post"}],"author":[{"embeddable":true,"href":"https:\/\/www.europesays.com\/fr\/wp-json\/wp\/v2\/users\/2"}],"replies":[{"embeddable":true,"href":"https:\/\/www.europesays.com\/fr\/wp-json\/wp\/v2\/comments?post=194549"}],"version-history":[{"count":0,"href":"https:\/\/www.europesays.com\/fr\/wp-json\/wp\/v2\/posts\/194549\/revisions"}],"wp:featuredmedia":[{"embeddable":true,"href":"https:\/\/www.europesays.com\/fr\/wp-json\/wp\/v2\/media\/194550"}],"wp:attachment":[{"href":"https:\/\/www.europesays.com\/fr\/wp-json\/wp\/v2\/media?parent=194549"}],"wp:term":[{"taxonomy":"category","embeddable":true,"href":"https:\/\/www.europesays.com\/fr\/wp-json\/wp\/v2\/categories?post=194549"},{"taxonomy":"post_tag","embeddable":true,"href":"https:\/\/www.europesays.com\/fr\/wp-json\/wp\/v2\/tags?post=194549"}],"curies":[{"name":"wp","href":"https:\/\/api.w.org\/{rel}","templated":true}]}}