{"id":194553,"date":"2025-06-21T23:27:25","date_gmt":"2025-06-21T23:27:25","guid":{"rendered":"https:\/\/www.europesays.com\/fr\/194553\/"},"modified":"2025-06-21T23:27:25","modified_gmt":"2025-06-21T23:27:25","slug":"celia-secret-story-fait-part-de-ses-doutes-concernant-la-loyaute-daimed-apres-la-revelation-de-leur-secret-commun","status":"publish","type":"post","link":"https:\/\/www.europesays.com\/fr\/194553\/","title":{"rendered":"C\u00e9lia (Secret Story) fait part de ses doutes concernant la loyaut\u00e9 d&rsquo;A\u00efmed apr\u00e8s la r\u00e9v\u00e9lation de leur secret commun"},"content":{"rendered":"<p>Dans le live de Secret Story diffus\u00e9 ce samedi 21 juin sur TF1+, C\u00e9lia a partag\u00e9 ses doutes avec A\u00efmed concernant sa loyaut\u00e9 apr\u00e8s la r\u00e9v\u00e9lation de leur secret commun.<\/p>\n<p>Alors qu&rsquo;ils pensaient d\u00e9fendre un secret personnel dans la Maison des Secrets, <a href=\"https:\/\/www.programme-tv.net\/news\/tele-realite\/380566-secret-story-2025-voici-la-liste-de-tous-les-secrets-de-la-saison-13\/\" data-api-deeplink=\"teleloisirs:\/\/news\/380566\" rel=\"nofollow noopener\" target=\"_blank\">C\u00e9lia et A\u00efmed ont finalement h\u00e9rit\u00e9 d&rsquo;un secret commun<\/a>. Lors du premier prime de Secret Story, La Voix leur a propos\u00e9 de devenir \u00ab\u00a0les gardiens de la transparence\u00a0\u00bb. Un privil\u00e8ge de taille pour les deux candidats. Ils ont acc\u00e8s \u00e0 une pi\u00e8ce secr\u00e8te depuis laquelle ils ont le pouvoir de diffuser des images des habitants dans la Fen\u00eatre de la Transparence. Alors que<a href=\"https:\/\/www.programme-tv.net\/news\/tele-realite\/381165-il-y-a-un-infiltre-qui-marianne-secret-story-2025-s-approche-dangereusement-du-secret-d-aimed-et-celia\/\" data-api-deeplink=\"teleloisirs:\/\/news\/381165\" rel=\"nofollow noopener\" target=\"_blank\"> Marianne se rapproche dangereusement de leur secret<\/a>, C\u00e9lia et A\u00efmed se questionnent sur leur lien dans l&rsquo;aventure une fois que leur complicit\u00e9 sera d\u00e9masqu\u00e9e.<\/p>\n<p>C\u00e9lia (Secret Story) doute de la loyaut\u00e9 d&rsquo;A\u00efmed avec qui elle partage un secret commun<\/p>\n<p>Dans le live de <a href=\"https:\/\/www.programme-tv.net\/news\/tele-realite\/379203-date-de-lancement-retour-des-primes-decouvrez-toutes-les-infos-sur-la-nouvelle-saison-de-secret-story-2025-sur-tf1-et-tfx\/\" data-api-deeplink=\"teleloisirs:\/\/news\/379203\" rel=\"nofollow noopener\" target=\"_blank\">Secret Story<\/a> de ce samedi 21 juin sur TF1+, C\u00e9lia et A\u00efmed ont eu une s\u00e9rieuse conversation \u00e0 propos de leur alliance. \u00ab\u00a0Tu es encore mon alli\u00e9e jusqu&rsquo;\u00e0 la fin\u00a0\u00bb, a assur\u00e9 le candidat concernant sa loyaut\u00e9 apr\u00e8s la r\u00e9v\u00e9lation de leur secret commun. \u00ab\u00a0<b>J&rsquo;ai peur que toi, \u00e7a, tu ne le fasses pas. Comment je peux te faire confiance ?<\/b> Moi, tu sais que tu peux me faire confiance, je peux te donner maintenant ma main \u00e0 couper que jamais de la vie je te mettrai au sas jusqu&rsquo;\u00e0 la finale\u00a0\u00bb, a dout\u00e9 C\u00e9lia avant une promesse de son complice : \u00ab\u00a0Qu&rsquo;on s&rsquo;aime ou qu&rsquo;on se d\u00e9teste, mais on s&rsquo;aime de toute fa\u00e7on, que le secret on l&rsquo;a ou on ne l&rsquo;a pas, c&rsquo;est minimum toi et moi en finale.\u00a0\u00bb Un pacte parmi les nombreux qu&rsquo;A\u00efmed a conclu dans la Maison des Secrets&#8230;<\/p>\n<p>                        Secret Story 2025 : le ton monte entre A\u00efmed et Constance \u00e0 cause des nominations \u00e0 venir<\/p>\n<p>Apr\u00e8s l&rsquo;\u00e9limination de Th\u00e9o, trois nouveaux habitants vont se retrouver en danger cette semaine. Si <a href=\"https:\/\/www.programme-tv.net\/news\/tele-realite\/381538-secret-story-2025-quel-candidat-a-ete-nomine-par-les-habitants-a-l-issue-du-prime-du-19-juin\/\" data-api-deeplink=\"teleloisirs:\/\/news\/381538\" rel=\"nofollow noopener\" target=\"_blank\">Dr\u00e9a est d\u00e9j\u00e0 nomm\u00e9e<\/a>, les candidats r\u00e9fl\u00e9chissent \u00e0 qui elle va affronter dans le sas. Pour A\u00efmed, le choix est vite fait : il veut nommer Damien. Une id\u00e9e qui n&rsquo;a pas du tout plu \u00e0 Constance. \u00ab\u00a0Mets Damien dans le sas tu vas voir !\u00a0\u00bb, l&rsquo;a-t-elle pr\u00e9venu.<b> \u00ab\u00a0C&rsquo;est des menaces ? T&rsquo;es la ma\u00eetresse du sas ? On fait ce qu&rsquo;on veut\u00a0\u00bb<\/b>, s&rsquo;est \u00e9tonn\u00e9 A\u00cfmed avant de hausser le ton : \u00ab\u00a0Il y a trois personnes \u00e0 mettre. Il y a Dr\u00e9a d\u00e9j\u00e0 qui est dedans si j&rsquo;ai envie de mettre Damien, je le mets que tu le veuilles ou non. Damien j&rsquo;ai parl\u00e9 avec lui trois fois. Ce n&rsquo;est pas parce que c&rsquo;est ton mec qu&rsquo;on doit le prot\u00e9ger \u00e0 foison.\u00a0\u00bb<\/p>\n","protected":false},"excerpt":{"rendered":"Dans le live de Secret Story diffus\u00e9 ce samedi 21 juin sur TF1+, C\u00e9lia a partag\u00e9 ses doutes&hellip;\n","protected":false},"author":2,"featured_media":194554,"comment_status":"","ping_status":"","sticky":false,"template":"","format":"standard","meta":{"footnotes":""},"categories":[1356],"tags":[33339,244,33338,58,59,1011,27,32482,32483,29901,32480,32481,252,199,30052,2175,1364],"class_list":{"0":"post-194553","1":"post","2":"type-post","3":"status-publish","4":"format-standard","5":"has-post-thumbnail","7":"category-television","8":"tag-au00efmed-secret-story-13","9":"tag-commentaire","10":"tag-cu00e9lia-secret-story-13","11":"tag-divertissement","12":"tag-entertainment","13":"tag-fr","14":"tag-france","15":"tag-la-quotidienne-4262024-0705-pm-tfx","16":"tag-la-quotidienne-512024-0530-pm-tf1","17":"tag-secret-story","18":"tag-secret-story-4232024-1130-pm-tf1","19":"tag-secret-story-6182024-1130-pm-tf1","20":"tag-television","21":"tag-tf1","22":"tag-tfx","23":"tag-tl-story","24":"tag-tv"},"share_on_mastodon":{"url":"https:\/\/pubeurope.com\/@fr\/114723949419306372","error":""},"_links":{"self":[{"href":"https:\/\/www.europesays.com\/fr\/wp-json\/wp\/v2\/posts\/194553","targetHints":{"allow":["GET"]}}],"collection":[{"href":"https:\/\/www.europesays.com\/fr\/wp-json\/wp\/v2\/posts"}],"about":[{"href":"https:\/\/www.europesays.com\/fr\/wp-json\/wp\/v2\/types\/post"}],"author":[{"embeddable":true,"href":"https:\/\/www.europesays.com\/fr\/wp-json\/wp\/v2\/users\/2"}],"replies":[{"embeddable":true,"href":"https:\/\/www.europesays.com\/fr\/wp-json\/wp\/v2\/comments?post=194553"}],"version-history":[{"count":0,"href":"https:\/\/www.europesays.com\/fr\/wp-json\/wp\/v2\/posts\/194553\/revisions"}],"wp:featuredmedia":[{"embeddable":true,"href":"https:\/\/www.europesays.com\/fr\/wp-json\/wp\/v2\/media\/194554"}],"wp:attachment":[{"href":"https:\/\/www.europesays.com\/fr\/wp-json\/wp\/v2\/media?parent=194553"}],"wp:term":[{"taxonomy":"category","embeddable":true,"href":"https:\/\/www.europesays.com\/fr\/wp-json\/wp\/v2\/categories?post=194553"},{"taxonomy":"post_tag","embeddable":true,"href":"https:\/\/www.europesays.com\/fr\/wp-json\/wp\/v2\/tags?post=194553"}],"curies":[{"name":"wp","href":"https:\/\/api.w.org\/{rel}","templated":true}]}}