{"id":194563,"date":"2025-06-21T23:32:11","date_gmt":"2025-06-21T23:32:11","guid":{"rendered":"https:\/\/www.europesays.com\/fr\/194563\/"},"modified":"2025-06-21T23:32:11","modified_gmt":"2025-06-21T23:32:11","slug":"lea-salame-se-mettra-en-retrait-du-20-heures-si-raphael-glucksmann-se-presente","status":"publish","type":"post","link":"https:\/\/www.europesays.com\/fr\/194563\/","title":{"rendered":"L\u00e9a Salam\u00e9 se mettra \u00ab\u00a0en retrait\u00a0\u00bb du \u00ab\u00a020 Heures\u00a0\u00bb si Rapha\u00ebl Glucksmann se pr\u00e9sente"},"content":{"rendered":"<p>Pas encore arriv\u00e9e, elle doit d\u00e9j\u00e0 penser \u00e0 partir\u2026 L\u00e9a Salam\u00e9, qui <a href=\"https:\/\/www.20minutes.fr\/arts-stars\/television\/4159328-20250619-lea-salame-reprend-20-heures-france-2-annonce-depart-france-inter\" class=\"color-ultramarine c-link\" target=\"_blank\" rel=\"noopener\">vient d\u2019\u00eatre nomm\u00e9e \u00e0 la pr\u00e9sentation du \u00ab\u00a020 Heures\u00a0\u00bb de France 2<\/a> \u00e0 la rentr\u00e9e, a promis de se mettre \u00ab\u00a0en retrait\u00a0\u00bb si son compagnon Rapha\u00ebl Glucksmann <a href=\"https:\/\/www.20minutes.fr\/politique\/4155187-20250523-presidentielle-2027-participerai-primaire-affirme-raphael-glucksmann\" class=\"color-ultramarine c-link\" target=\"_blank\" rel=\"noopener\">\u00e9tait candidat en\u00a02027<\/a>, dans une interview \u00e0 La Tribune Dimanche.<\/p>\n<p>Le chef de file de Place Publique, possible pr\u00e9sidentiable \u00e0 gauche, \u00ab\u00a0est d\u00e9put\u00e9 europ\u00e9en depuis six ans et cela ne m\u2019a pas emp\u00each\u00e9e de pr\u00e9senter L\u2019\u00c9mission politique pendant cinq ans, de faire l\u2019interview du 14-Juillet, le d\u00e9bat de l&rsquo;entre-deux-tours en\u00a02022 ou d\u2019avoir tous les politiques au micro le matin sur France Inter\u00a0\u00bb, a d\u00e9clar\u00e9 L\u00e9a Salam\u00e9, interrog\u00e9e sur le risque de \u00ab\u00a0conflits d\u2019int\u00e9r\u00eats\u00a0\u00bb depuis qu\u2019elle a \u00e9t\u00e9 <a href=\"https:\/\/www.20minutes.fr\/arts-stars\/medias\/4159346-20250619-20-heures-france-2-depart-lapix-arrivee-salame-retour-feuilleton-mercato-tele\" class=\"color-ultramarine c-link\" target=\"_blank\" rel=\"noopener\">d\u00e9sign\u00e9e jeudi pour remplacer Anne-Sophie Lapix.<\/a><\/p>\n<p>\u00ab\u00a0Chacun a ses opinions\u00a0\u00bb<\/p>\n<p>La journaliste a tenu \u00e0 affirmer son ind\u00e9pendance vis-\u00e0-vis de son compagnon\u00a0: \u00ab\u00a0Mon couple n\u2019est un secret pour personne, mais on cloisonne \u00e9norm\u00e9ment nos activit\u00e9s. Et chacun a ses opinions, sa vision, ses convictions. Il n\u2019a \u00e9videmment jamais tenu mon stylo\u00a0! Ni moi le sien, d\u2019ailleurs.\u00a0\u00bb<\/p>\n<\/p>\n<p>Par ailleurs, L\u00e9a Salam\u00e9, qui s\u2019\u00e9tait mise en retrait de France Inter lorsque Rapha\u00ebl Glucksmann avait \u00e9t\u00e9 candidat aux Europ\u00e9ennes, croit que les temps ont chang\u00e9\u00a0: \u00ab\u00a0D\u2019Emmanuel Macron \u00e0 Marine Le Pen en passant par Bruno Retailleau, \u00c9douard Philippe ou Jean-Luc M\u00e9lenchon, je n\u2019ai jamais senti dans leurs yeux qu\u2019ils me prenaient pour \u00ab\u00a0la femme de\u2026\u00a0\u00bb, a-t-elle expliqu\u00e9. Les temps ont chang\u00e9 et les Fran\u00e7ais, politiques compris, sont beaucoup plus f\u00e9ministes qu\u2019on ne pourrait le croire\u00a0\u00bb.<\/p>\n<p>Une \u00ab\u00a0\u00e9vidence\u00a0\u00bb\u00a0?<\/p>\n<p>N\u00e9anmoins, et malgr\u00e9 tous ses arguments de bon sens, L\u00e9a Salam\u00e9 juge \u00ab\u00a0\u00e9vident\u00a0\u00bb qu\u2019elle doive se mettre \u00ab\u00a0en retrait\u00a0\u00bb si Rapha\u00ebl Glucksmann est candidat \u00e0 l\u2019\u00e9lection pr\u00e9sidentielle.<\/p>\n<p><a href=\"https:\/\/www.20minutes.fr\/arts-stars\/television\/\" class=\"c-link c-btn c-btn--primary\" target=\"_blank\" rel=\"noopener\">Notre rubrique T\u00e9l\u00e9vision<\/a><\/p>\n<p>Par le pass\u00e9, des journalistes comme Audrey Pulvar (alors en couple avec Arnaud Montebourg), Marie Drucker (avec Fran\u00e7ois Baroin), B\u00e9atrice Sch\u00f6nberg (mari\u00e9e \u00e0 Jean-Louis Borloo) ou Anne Sinclair (alors \u00e9pouse de Dominique Strauss-Kahn) ont d\u00fb mettre leur carri\u00e8re, au moins en partie, entre parenth\u00e8ses, du fait des activit\u00e9s politiques de leur conjoint. L\u2019inverse ne s\u2019est jamais pos\u00e9.<\/p>\n","protected":false},"excerpt":{"rendered":"Pas encore arriv\u00e9e, elle doit d\u00e9j\u00e0 penser \u00e0 partir\u2026 L\u00e9a Salam\u00e9, qui vient d\u2019\u00eatre nomm\u00e9e \u00e0 la pr\u00e9sentation&hellip;\n","protected":false},"author":2,"featured_media":194564,"comment_status":"","ping_status":"","sticky":false,"template":"","format":"standard","meta":{"footnotes":""},"categories":[8],"tags":[32367,21313,58,3079,59,1011,27,3806,316,15923,252],"class_list":{"0":"post-194563","1":"post","2":"type-post","3":"status-publish","4":"format-standard","5":"has-post-thumbnail","7":"category-divertissement","8":"tag-20-heures","9":"tag-anne-sophie-lapix","10":"tag-divertissement","11":"tag-election-presidentielle-2027","12":"tag-entertainment","13":"tag-fr","14":"tag-france","15":"tag-lea-salame","16":"tag-politique","17":"tag-raphael-glucksmann","18":"tag-television"},"share_on_mastodon":{"url":"https:\/\/pubeurope.com\/@fr\/114723969025508639","error":""},"_links":{"self":[{"href":"https:\/\/www.europesays.com\/fr\/wp-json\/wp\/v2\/posts\/194563","targetHints":{"allow":["GET"]}}],"collection":[{"href":"https:\/\/www.europesays.com\/fr\/wp-json\/wp\/v2\/posts"}],"about":[{"href":"https:\/\/www.europesays.com\/fr\/wp-json\/wp\/v2\/types\/post"}],"author":[{"embeddable":true,"href":"https:\/\/www.europesays.com\/fr\/wp-json\/wp\/v2\/users\/2"}],"replies":[{"embeddable":true,"href":"https:\/\/www.europesays.com\/fr\/wp-json\/wp\/v2\/comments?post=194563"}],"version-history":[{"count":0,"href":"https:\/\/www.europesays.com\/fr\/wp-json\/wp\/v2\/posts\/194563\/revisions"}],"wp:featuredmedia":[{"embeddable":true,"href":"https:\/\/www.europesays.com\/fr\/wp-json\/wp\/v2\/media\/194564"}],"wp:attachment":[{"href":"https:\/\/www.europesays.com\/fr\/wp-json\/wp\/v2\/media?parent=194563"}],"wp:term":[{"taxonomy":"category","embeddable":true,"href":"https:\/\/www.europesays.com\/fr\/wp-json\/wp\/v2\/categories?post=194563"},{"taxonomy":"post_tag","embeddable":true,"href":"https:\/\/www.europesays.com\/fr\/wp-json\/wp\/v2\/tags?post=194563"}],"curies":[{"name":"wp","href":"https:\/\/api.w.org\/{rel}","templated":true}]}}