{"id":194569,"date":"2025-06-21T23:35:10","date_gmt":"2025-06-21T23:35:10","guid":{"rendered":"https:\/\/www.europesays.com\/fr\/194569\/"},"modified":"2025-06-21T23:35:10","modified_gmt":"2025-06-21T23:35:10","slug":"iran-israel-des-bombardiers-b-2-americains-decollent-en-direction-du-pacifique-pendant-que-trump-reunit-un-conseil-de-securite","status":"publish","type":"post","link":"https:\/\/www.europesays.com\/fr\/194569\/","title":{"rendered":"Iran-Isra\u00ebl\u00a0: des bombardiers B-2 am\u00e9ricains d\u00e9collent en direction du Pacifique pendant que Trump r\u00e9unit un conseil de s\u00e9curit\u00e9"},"content":{"rendered":"<p class=\"paragraph text_align_left lp-f-body-02\">La menace am\u00e9ricaine se fait de plus en plus s\u00e9rieuse. Des avions bombardiers de l\u2019arm\u00e9e am\u00e9ricaine ont d\u00e9coll\u00e9 d\u2019une base aux \u00c9tats-Unis et semblent se diriger vers l\u2019ouest, au-dessus du Pacifique, au moment o\u00f9 <a href=\"https:\/\/www.leparisien.fr\/international\/etats-unis\/cest-moi-qui-decide-comment-donald-trump-fait-de-la-guerre-israel-iran-son-show-19-06-2025-BRHQEESDUJGODKFUQP25KMB5LE.php\" target=\"_blank\" rel=\"noreferrer nofollow noopener\">le pr\u00e9sident Donald Trump soup\u00e8se<\/a> une intervention militaire contre l\u2019Iran.<\/p>\n<p class=\"paragraph text_align_left lp-f-body-02\">Ces bombardiers strat\u00e9giques furtifs, seuls capables de transporter des puissantes <a href=\"https:\/\/www.leparisien.fr\/international\/israel\/quest-ce-que-la-gbu-57-la-bombe-anti-bunker-americaine-seule-capable-datteindre-le-site-nucleaire-iranien-de-fordo-18-06-2025-32QUPEG6PBFWJOXX5XZIP7RMWY.php\" target=\"_blank\" rel=\"noreferrer nofollow noopener\">bombes anti-bunker de type GBU-57<\/a>, ont d\u00e9coll\u00e9 de la base de l\u2019arm\u00e9e de l\u2019air Whiteman dans le Missouri (centre) et ont \u00e9t\u00e9 rep\u00e9r\u00e9s au large de la Californie, accompagn\u00e9s d\u2019avions ravitailleurs, selon le <a href=\"https:\/\/www.nytimes.com\/live\/2025\/06\/21\/world\/iran-israel-trump\/heres-the-latest?smid=url-share\" target=\"_blank\" rel=\"noreferrer nofollow noopener\">New York Times<\/a> et des sites de suivi de vols.<\/p>\n<p class=\"paragraph text_align_left lp-f-body-02\">La destination de ces avions n\u2019\u00e9tait pas connue mais, selon le New York Times, ils se dirigeraient vers l\u2019\u00eele de Guam, dans le Pacifique.<\/p>\n<p class=\"paragraph text_align_left lp-f-body-02\">Interrog\u00e9 par l\u2019AFP, le Pentagone s\u2019en est r\u00e9f\u00e9r\u00e9 \u00e0 la Maison Blanche, qui n\u2019a pas r\u00e9pondu dans l\u2019imm\u00e9diat.<\/p>\n<p>Nouveau conseil de s\u00e9curit\u00e9<\/p>\n<p class=\"paragraph text_align_left lp-f-body-02\">Le pr\u00e9sident am\u00e9ricain, qui a dit que l\u2019Iran ne pouvait pas disposer d\u2019une arme nucl\u00e9aire, rentre \u00e0 la Maison Blanche samedi en fin d\u2019apr\u00e8s-midi pour y pr\u00e9sider un nouveau conseil de s\u00e9curit\u00e9.<\/p>\n<p class=\"paragraph text_align_left lp-f-body-02\">Il s\u2019est donn\u00e9 <a href=\"https:\/\/www.leparisien.fr\/international\/etats-unis\/conflit-israel-iran-pourquoi-donald-trump-se-laisse-15-jours-pour-decider-ou-non-dune-intervention-militaire-20-06-2025-PRBCICAXIZAYBCDRDSG5M6USK4.php\" target=\"_blank\" rel=\"noreferrer nofollow noopener\">au \u00ab maximum deux semaines \u00bb<\/a> avant de prendre une d\u00e9cision sur une possible participation am\u00e9ricaine \u00e0 l\u2019offensive isra\u00e9lienne en cours contre l\u2019Iran.<\/p>\n<p class=\"paragraph text_align_left lp-f-body-02\">Les experts s\u2019accordent sur le fait que seuls les \u00c9tats-Unis ont la capacit\u00e9 de d\u00e9truire les installations nucl\u00e9aires iraniennes profond\u00e9ment enfouies, dont \u00e0 Fordo, au sud de T\u00e9h\u00e9ran.<\/p>\n<p class=\"paragraph text_align_left lp-f-body-02\">La GBU-57, une ogive de 13 tonnes, est capable de s\u2019enfoncer \u00e0 des dizaines de m\u00e8tres de profondeur avant d\u2019exploser.<\/p>\n","protected":false},"excerpt":{"rendered":"La menace am\u00e9ricaine se fait de plus en plus s\u00e9rieuse. Des avions bombardiers de l\u2019arm\u00e9e am\u00e9ricaine ont d\u00e9coll\u00e9&hellip;\n","protected":false},"author":2,"featured_media":194570,"comment_status":"","ping_status":"","sticky":false,"template":"","format":"standard","meta":{"footnotes":""},"categories":[5],"tags":[11,1011,27,14,664,12,28],"class_list":{"0":"post-194569","1":"post","2":"type-post","3":"status-publish","4":"format-standard","5":"has-post-thumbnail","7":"category-international","8":"tag-actualites","9":"tag-fr","10":"tag-france","11":"tag-international","12":"tag-israel","13":"tag-news","14":"tag-world"},"share_on_mastodon":{"url":"https:\/\/pubeurope.com\/@fr\/114723980803322450","error":""},"_links":{"self":[{"href":"https:\/\/www.europesays.com\/fr\/wp-json\/wp\/v2\/posts\/194569","targetHints":{"allow":["GET"]}}],"collection":[{"href":"https:\/\/www.europesays.com\/fr\/wp-json\/wp\/v2\/posts"}],"about":[{"href":"https:\/\/www.europesays.com\/fr\/wp-json\/wp\/v2\/types\/post"}],"author":[{"embeddable":true,"href":"https:\/\/www.europesays.com\/fr\/wp-json\/wp\/v2\/users\/2"}],"replies":[{"embeddable":true,"href":"https:\/\/www.europesays.com\/fr\/wp-json\/wp\/v2\/comments?post=194569"}],"version-history":[{"count":0,"href":"https:\/\/www.europesays.com\/fr\/wp-json\/wp\/v2\/posts\/194569\/revisions"}],"wp:featuredmedia":[{"embeddable":true,"href":"https:\/\/www.europesays.com\/fr\/wp-json\/wp\/v2\/media\/194570"}],"wp:attachment":[{"href":"https:\/\/www.europesays.com\/fr\/wp-json\/wp\/v2\/media?parent=194569"}],"wp:term":[{"taxonomy":"category","embeddable":true,"href":"https:\/\/www.europesays.com\/fr\/wp-json\/wp\/v2\/categories?post=194569"},{"taxonomy":"post_tag","embeddable":true,"href":"https:\/\/www.europesays.com\/fr\/wp-json\/wp\/v2\/tags?post=194569"}],"curies":[{"name":"wp","href":"https:\/\/api.w.org\/{rel}","templated":true}]}}