{"id":194573,"date":"2025-06-21T23:37:11","date_gmt":"2025-06-21T23:37:11","guid":{"rendered":"https:\/\/www.europesays.com\/fr\/194573\/"},"modified":"2025-06-21T23:37:11","modified_gmt":"2025-06-21T23:37:11","slug":"mort-dagathe-hilairet-comment-la-montre-connectee-de-la-jeune-joggeuse-a-fait-progresser-lenquete-liberation","status":"publish","type":"post","link":"https:\/\/www.europesays.com\/fr\/194573\/","title":{"rendered":"Mort d\u2019Agathe Hilairet : comment la montre connect\u00e9e de la jeune joggeuse a fait progresser l\u2019enqu\u00eate &#8211; Lib\u00e9ration"},"content":{"rendered":"<ol>\n<li><a href=\"https:\/\/news.google.com\/rss\/articles\/CBMikAJBVV95cUxNZ0F2SUstSjUyX2VNbDhIaEdCbndGSnljYUlldHBWZFhaSnV0YnVqb0UwSUNqZlpTck5WM25wNEg3NGgwTVhuUkRock0wWm1EV3p0ZExsaWdhNjlnYl9lVktMeUkyM1hBRmlOc2kyNFhmTUEtVkxIeTdKdFN4bVNVUW1XU1hvckZKYWxWaWdBZWJjTjZsaFl4WHZvTThBbVBieVpqZW10WlNrb1MxbEYza3FDckZPaWhPNmNlb1dqWnZQTExMc1VaZHhHQkJLTjZId01IY0N1dTIzZV90aUNOd2hEUmZPVGpVdk1FN2JFeUhHT1F5aDZBcHdWUUZqblVMUTNrUEN5bFRPVEtyT1R5cg?oc=5\" target=\"_blank\" rel=\"nofollow noopener\">Mort d\u2019Agathe Hilairet : comment la montre connect\u00e9e de la jeune joggeuse a fait progresser l\u2019enqu\u00eate<\/a>&nbsp;&nbsp;Lib\u00e9ration<\/li>\n<li><a href=\"https:\/\/news.google.com\/rss\/articles\/CBMihwJBVV95cUxPVkRUc1JGVEFnLUI3S2p0R0M4WW1wMXhPRVdhY2RzcGdETEFQOTlrRFM0bm5zRl8yZTlqSVU0QnU1YkFuZnZWVmNIRVlyZDNVdVEwWHJjQ3U5NE13V2huRURyeWs1cVdwOVdhMlcyaFV5SlJMaVNMcjQtZE1BUGdNY2tqamZ3ZkFXcXZYYWdsY29OcGRTTDdFd2ZQVTZSOWxsbC1fUkM1RVVHOVliSmFkd2RuMXdwUW1OUkRFd0hnZUNTN3E1QUV4X1NCT2FENDh5T2RteTBKRVBPb0ozak5xQnJ2bW1GOEQ3MXFvYlhfcHIwNklDbzFNdnBSdkQ3ODhsbGlBSzhsWQ?oc=5\" target=\"_blank\" rel=\"nofollow noopener\">Disparition d\u2019Agathe : pulsations cardiaques, corps d\u00e9plac\u00e9\u2026 Nos r\u00e9v\u00e9lations sur la piste criminelle<\/a>&nbsp;&nbsp;Le Parisien<\/li>\n<li><a href=\"https:\/\/news.google.com\/rss\/articles\/CBMitgJBVV95cUxOb2QyeVh1NE5KdkFvM1RjZ1M2Q2k5dWJfdU82SkJwNjZQUnJXMlE3N3NYZmt0aGp2bmVqai05RHVLSEVQR2FMcXYyLW5uSUJHd1gwZ3kyTGIxN05acnFoaFpHQTM4dEZaSGFSWkJONDlRLXN2WS1TNUp2cDdtVHhtNThKMWV6aUMyYnZGYThxcXZ5T1RVeDFpZVFJSkZMMURGcVpMd05sNmpHYjAydHUtR2IzSEZWZmI1cUdTNjJYdHdxQW1YVE5ZY2JZdjUwcGFXSXVZcWt4WWdtVzNKbE04MmE3NDVPOGJvS042VHJZbUJOQXdFRFgxb0R0VXZWT3N1TGFlVUxtdUVuNmpfU2l4RDZ4ajdqdlFBZzlfTE1VU29wQ2NvWjlaaVg0VngtSmpoaW82U2x3?oc=5\" target=\"_blank\" rel=\"nofollow noopener\">Mort d&rsquo;Agathe Hilairet dans la Vienne : des expertises r\u00e9alis\u00e9es par la gendarmerie nationale corroborent l\u2019intervention humaine<\/a>&nbsp;&nbsp;France Info<\/li>\n<li><a href=\"https:\/\/news.google.com\/rss\/articles\/CBMi9gFBVV95cUxQNHd6UFZ1cFFEUFB6QU5EV29wc3Y2ajVPTGtEenBzY2FEdUNsemtNWThZUDNaM2Z4bFR5Si1EbXhXSEVCbEVIVG1sZ1NaRC1sWFhUYlVGWUQ5Yllyb3V2dHpqUTR4Zm9GV1pDQUNMYXBYRzZ4ZjYyYTh1c1Bob3g4TDJRMkVmMU56YlEzeGlYWFdzeVRzY1ZROVlqWFpNVGxDR0dzTjhveVhvSFEtZFRLS1dtUGR0bW5hLVZqN3U5UUlsNnFCWnZWQ0l0aVM2dEFLUEI5MGtqRGlYVmM2bWZsQzBqc1hMM05vR1lWNXRZdXZkdjd1V1E?oc=5\" target=\"_blank\" rel=\"nofollow noopener\">Mort d&rsquo;Agathe Hilairet: la piste criminelle d\u00e9sormais consid\u00e9r\u00e9e comme \u00ab\u00a0la plus probable\u00a0\u00bb par les enqu\u00eateurs<\/a>&nbsp;&nbsp;BFMTV<\/li>\n<li><a href=\"https:\/\/news.google.com\/rss\/articles\/CBMiswFBVV95cUxPT3laWVhUNm0wb0RiMFN3LVE2eTNiRTJiVWp1TmozQUdWWk5hU2wzRVRSYllHczlSeDZSYjdBVmJORWt3cjdobVdVVnBTeHJ6WnpKNkk1ZjJHWXdxMFdzMGJUYnMzNjhJaUlZbkt6eV95cEhRUDlBNmtJSzIyMW9EM3I5eE9keXhZSTBJTUhrUE9UQVR5VjdvS2lRYzY5NXZvcnJKbUctZWxRdG1XQTdzS09WRQ?oc=5\" target=\"_blank\" rel=\"nofollow noopener\">La piste criminelle envisag\u00e9e dans la mort d\u2019Agathe Hilairet<\/a>&nbsp;&nbsp;20 Minutes<\/li>\n<\/ol>\n","protected":false},"excerpt":{"rendered":"Mort d\u2019Agathe Hilairet : comment la montre connect\u00e9e de la jeune joggeuse a fait progresser l\u2019enqu\u00eate&nbsp;&nbsp;Lib\u00e9ration Disparition d\u2019Agathe&hellip;\n","protected":false},"author":2,"featured_media":194574,"comment_status":"","ping_status":"","sticky":false,"template":"","format":"standard","meta":{"footnotes":""},"categories":[2],"tags":[11,118,1011,27,12,2219,1653],"class_list":{"0":"post-194573","1":"post","2":"type-post","3":"status-publish","4":"format-standard","5":"has-post-thumbnail","7":"category-actualites","8":"tag-actualites","9":"tag-faits-divers","10":"tag-fr","11":"tag-france","12":"tag-news","13":"tag-nouvelle-aquitaine","14":"tag-poitiers"},"share_on_mastodon":{"url":"https:\/\/pubeurope.com\/@fr\/114723988623500168","error":""},"_links":{"self":[{"href":"https:\/\/www.europesays.com\/fr\/wp-json\/wp\/v2\/posts\/194573","targetHints":{"allow":["GET"]}}],"collection":[{"href":"https:\/\/www.europesays.com\/fr\/wp-json\/wp\/v2\/posts"}],"about":[{"href":"https:\/\/www.europesays.com\/fr\/wp-json\/wp\/v2\/types\/post"}],"author":[{"embeddable":true,"href":"https:\/\/www.europesays.com\/fr\/wp-json\/wp\/v2\/users\/2"}],"replies":[{"embeddable":true,"href":"https:\/\/www.europesays.com\/fr\/wp-json\/wp\/v2\/comments?post=194573"}],"version-history":[{"count":0,"href":"https:\/\/www.europesays.com\/fr\/wp-json\/wp\/v2\/posts\/194573\/revisions"}],"wp:featuredmedia":[{"embeddable":true,"href":"https:\/\/www.europesays.com\/fr\/wp-json\/wp\/v2\/media\/194574"}],"wp:attachment":[{"href":"https:\/\/www.europesays.com\/fr\/wp-json\/wp\/v2\/media?parent=194573"}],"wp:term":[{"taxonomy":"category","embeddable":true,"href":"https:\/\/www.europesays.com\/fr\/wp-json\/wp\/v2\/categories?post=194573"},{"taxonomy":"post_tag","embeddable":true,"href":"https:\/\/www.europesays.com\/fr\/wp-json\/wp\/v2\/tags?post=194573"}],"curies":[{"name":"wp","href":"https:\/\/api.w.org\/{rel}","templated":true}]}}