{"id":194575,"date":"2025-06-21T23:39:04","date_gmt":"2025-06-21T23:39:04","guid":{"rendered":"https:\/\/www.europesays.com\/fr\/194575\/"},"modified":"2025-06-21T23:39:04","modified_gmt":"2025-06-21T23:39:04","slug":"saint-etienne-accueillera-un-spectacle-hommage-a-celine-dion-en-octobre-2026","status":"publish","type":"post","link":"https:\/\/www.europesays.com\/fr\/194575\/","title":{"rendered":"SAINT-\u00c9TIENNE ACCUEILLERA UN SPECTACLE HOMMAGE \u00c0 C\u00c9LINE DION EN OCTOBRE 2026"},"content":{"rendered":"<p>Cette soir\u00e9e exceptionnelle promet de ravir les admirateurs de la diva canadienne dans un cadre grandiose. Cette production s\u2019inscrit dans la continuit\u00e9 des spectacles \u00e0 grand d\u00e9ploiement orchestr\u00e9s par l\u2019\u00e9quipe du Concert Extraordinaire. Apr\u00e8s avoir conquis le public avec leur pr\u00e9c\u00e9dent opus d\u00e9di\u00e9 \u00e0 Jean-Jacques Goldman, les organisateurs r\u00e9cidive avec un format XXL consacr\u00e9 cette fois \u00e0 l\u2019interpr\u00e8te de \u00ab\u00a0My Heart Will Go On\u00a0\u00bb.<\/p>\n<p>L\u2019\u00e9v\u00e9nement b\u00e9n\u00e9ficie de la direction artistique d\u2019Erick Benzi, figure incontournable de l\u2019industrie musicale fran\u00e7aise et collaborateur privil\u00e9gi\u00e9 de C\u00e9line Dion. Ce producteur et compositeur de renom a contribu\u00e9 \u00e0 fa\u00e7onner certains des albums les plus marquants de la carri\u00e8re hexagonale de l\u2019artiste, apportant ainsi une l\u00e9gitimit\u00e9 artistique ind\u00e9niable au projet.<\/p>\n<p>Une immersion totale dans l\u2019univers de la star internationale<\/p>\n<p>Le spectacle propose une plong\u00e9e compl\u00e8te dans le r\u00e9pertoire de celle qui est consid\u00e9r\u00e9e comme la plus grande voix francophone de sa g\u00e9n\u00e9ration. Les spectateurs d\u00e9couvriront une mise en sc\u00e8ne immersive con\u00e7ue pour faire revivre l\u2019\u00e9motion et la puissance vocale qui ont fait la renomm\u00e9e mondiale de l\u2019artiste.<\/p>\n<p>De jeunes interpr\u00e8tes aux talents vocaux exceptionnels se succ\u00e9deront sur sc\u00e8ne pour interpr\u00e9ter les titres embl\u00e9matiques du r\u00e9pertoire dionien. Cette approche permet de cr\u00e9er un pont entre les g\u00e9n\u00e9rations tout en pr\u00e9servant l\u2019essence \u00e9motionnelle des compositions originales.<\/p>\n<p>Deux heures de communion musicale<\/p>\n<p>La soir\u00e9e s\u2019annonce comme un moment de partage intense entre les artistes et un public conquis d\u2019avance. Le format pr\u00e9vu de deux heures permettra de parcourir les diff\u00e9rentes \u00e9poques de la carri\u00e8re de C\u00e9line Dion, des premiers succ\u00e8s fran\u00e7ais aux tubes internationaux qui ont marqu\u00e9 l\u2019histoire de la musique populaire.<\/p>\n<p>Cette c\u00e9l\u00e9bration musicale vise \u00e0 honorer l\u2019h\u00e9ritage artistique d\u2019une chanteuse qui continue d\u2019inspirer de nouveaux talents et de toucher des millions d\u2019auditeurs \u00e0 travers le monde. Le spectacle s\u2019adresse tant aux fans de longue date qu\u2019aux n\u00e9ophytes d\u00e9sireux de d\u00e9couvrir ou red\u00e9couvrir ce patrimoine musical exceptionnel.<\/p>\n<p>Un rendez-vous incontournable pour les m\u00e9lomanes<\/p>\n<p>L\u2019\u00e9v\u00e9nement repr\u00e9sente une opportunit\u00e9 rare de c\u00e9l\u00e9brer collectivement l\u2019\u0153uvre d\u2019une artiste qui a marqu\u00e9 plusieurs d\u00e9cennies de cr\u00e9ation musicale. La programmation au Z\u00e9nith de Saint-\u00c9tienne confirme l\u2019ambition de ce projet qui entend offrir une exp\u00e9rience sc\u00e9nique \u00e0 la hauteur de la r\u00e9putation internationale de son inspiratrice.<\/p>\n<p>Les amateurs de belles voix et de grandes \u00e9motions musicales ont donc rendez-vous en octobre 2026 pour cette soir\u00e9e qui s\u2019annonce m\u00e9morable dans l\u2019agenda culturel st\u00e9phanois.<\/p>\n","protected":false},"excerpt":{"rendered":"Cette soir\u00e9e exceptionnelle promet de ravir les admirateurs de la diva canadienne dans un cadre grandiose. Cette production&hellip;\n","protected":false},"author":2,"featured_media":194576,"comment_status":"","ping_status":"","sticky":false,"template":"","format":"standard","meta":{"footnotes":""},"categories":[9653],"tags":[1111,11,2430,7043,1777,674,1011,27,3367,12,25,4001,12177],"class_list":{"0":"post-194575","1":"post","2":"type-post","3":"status-publish","4":"format-standard","5":"has-post-thumbnail","7":"category-saint-etienne","8":"tag-actu","9":"tag-actualites","10":"tag-auvergne-rhone-alpes","11":"tag-celine-dion","12":"tag-eu","13":"tag-europe","14":"tag-fr","15":"tag-france","16":"tag-loire","17":"tag-news","18":"tag-republique-francaise","19":"tag-saint-etienne","20":"tag-zenith"},"share_on_mastodon":{"url":"https:\/\/pubeurope.com\/@fr\/114723996546369578","error":""},"_links":{"self":[{"href":"https:\/\/www.europesays.com\/fr\/wp-json\/wp\/v2\/posts\/194575","targetHints":{"allow":["GET"]}}],"collection":[{"href":"https:\/\/www.europesays.com\/fr\/wp-json\/wp\/v2\/posts"}],"about":[{"href":"https:\/\/www.europesays.com\/fr\/wp-json\/wp\/v2\/types\/post"}],"author":[{"embeddable":true,"href":"https:\/\/www.europesays.com\/fr\/wp-json\/wp\/v2\/users\/2"}],"replies":[{"embeddable":true,"href":"https:\/\/www.europesays.com\/fr\/wp-json\/wp\/v2\/comments?post=194575"}],"version-history":[{"count":0,"href":"https:\/\/www.europesays.com\/fr\/wp-json\/wp\/v2\/posts\/194575\/revisions"}],"wp:featuredmedia":[{"embeddable":true,"href":"https:\/\/www.europesays.com\/fr\/wp-json\/wp\/v2\/media\/194576"}],"wp:attachment":[{"href":"https:\/\/www.europesays.com\/fr\/wp-json\/wp\/v2\/media?parent=194575"}],"wp:term":[{"taxonomy":"category","embeddable":true,"href":"https:\/\/www.europesays.com\/fr\/wp-json\/wp\/v2\/categories?post=194575"},{"taxonomy":"post_tag","embeddable":true,"href":"https:\/\/www.europesays.com\/fr\/wp-json\/wp\/v2\/tags?post=194575"}],"curies":[{"name":"wp","href":"https:\/\/api.w.org\/{rel}","templated":true}]}}