{"id":194577,"date":"2025-06-21T23:40:20","date_gmt":"2025-06-21T23:40:20","guid":{"rendered":"https:\/\/www.europesays.com\/fr\/194577\/"},"modified":"2025-06-21T23:40:20","modified_gmt":"2025-06-21T23:40:20","slug":"mercato-asse-pierre-ekwah-reste-stephanois-au-moins-temporairement","status":"publish","type":"post","link":"https:\/\/www.europesays.com\/fr\/194577\/","title":{"rendered":"Mercato ASSE &#8211; Pierre Ekwah reste St\u00e9phanois&#8230; au moins temporairement"},"content":{"rendered":"<p>Pr\u00eat\u00e9 \u00e0 l\u2019AS <strong>Saint<\/strong>\u2013<strong>\u00c9tienne<\/strong> par le club anglais de Sunderland l\u2019\u00e9t\u00e9 dernier, <strong>Pierre Ekwah<\/strong> devrait rester dans le Forez au-del\u00e0 du 30 juin\u2026 mais peut-\u00eatre pas beaucoup plus longtemps. D\u2019apr\u00e8s L\u2019<a href=\"https:\/\/www.lequipe.fr\/Football\/Actualites\/Saint-etienne-a-leve-l-option-d-achat-pour-pierre-ekwah-qui-pourrait-partir\/1571850\" target=\"_blank\" rel=\"noopener\">\u00c9quipe<\/a>, le milieu de terrain d\u00e9fensif (29 matchs, 1 but) aurait vu son option d\u2019achat lev\u00e9e par les Verts, pour 6 millions d\u2019euros.<\/p>\n<p>\u00c0 lire aussi &gt;&gt;\u00a0<a href=\"https:\/\/maligue2.fr\/2025\/06\/21\/mercato-un-defenseur-de-lasse-cible-par-un-club-grec\/\" target=\"_blank\" rel=\"noopener\">Mercato \u2013 Un d\u00e9fenseur de l\u2019ASSE cibl\u00e9 par un club grec<\/a><\/p>\n<p>Le joueur de 23 ans, rep\u00e9r\u00e9 par des clubs de premi\u00e8re division, en Europe pourrait cependant s\u2019en aller d\u00e8s cet \u00e9t\u00e9 et permettre aux Verts un rapide retour sur investissement.<\/p>\n<p>\u00c0 lire aussi &gt;&gt; Photo \u00a9Loic Baratoux\/FEP\/Icon Sport<\/p>\n","protected":false},"excerpt":{"rendered":"Pr\u00eat\u00e9 \u00e0 l\u2019AS Saint\u2013\u00c9tienne par le club anglais de Sunderland l\u2019\u00e9t\u00e9 dernier, Pierre Ekwah devrait rester dans le&hellip;\n","protected":false},"author":2,"featured_media":194578,"comment_status":"","ping_status":"","sticky":false,"template":"","format":"standard","meta":{"footnotes":""},"categories":[9653],"tags":[12128,1111,11,2430,1777,674,1011,27,12,33340,25,4001],"class_list":{"0":"post-194577","1":"post","2":"type-post","3":"status-publish","4":"format-standard","5":"has-post-thumbnail","7":"category-saint-etienne","8":"tag-alaune7","9":"tag-actu","10":"tag-actualites","11":"tag-auvergne-rhone-alpes","12":"tag-eu","13":"tag-europe","14":"tag-fr","15":"tag-france","16":"tag-news","17":"tag-pierre-ekwah","18":"tag-republique-francaise","19":"tag-saint-etienne"},"share_on_mastodon":{"url":"https:\/\/pubeurope.com\/@fr\/114724000647509578","error":""},"_links":{"self":[{"href":"https:\/\/www.europesays.com\/fr\/wp-json\/wp\/v2\/posts\/194577","targetHints":{"allow":["GET"]}}],"collection":[{"href":"https:\/\/www.europesays.com\/fr\/wp-json\/wp\/v2\/posts"}],"about":[{"href":"https:\/\/www.europesays.com\/fr\/wp-json\/wp\/v2\/types\/post"}],"author":[{"embeddable":true,"href":"https:\/\/www.europesays.com\/fr\/wp-json\/wp\/v2\/users\/2"}],"replies":[{"embeddable":true,"href":"https:\/\/www.europesays.com\/fr\/wp-json\/wp\/v2\/comments?post=194577"}],"version-history":[{"count":0,"href":"https:\/\/www.europesays.com\/fr\/wp-json\/wp\/v2\/posts\/194577\/revisions"}],"wp:featuredmedia":[{"embeddable":true,"href":"https:\/\/www.europesays.com\/fr\/wp-json\/wp\/v2\/media\/194578"}],"wp:attachment":[{"href":"https:\/\/www.europesays.com\/fr\/wp-json\/wp\/v2\/media?parent=194577"}],"wp:term":[{"taxonomy":"category","embeddable":true,"href":"https:\/\/www.europesays.com\/fr\/wp-json\/wp\/v2\/categories?post=194577"},{"taxonomy":"post_tag","embeddable":true,"href":"https:\/\/www.europesays.com\/fr\/wp-json\/wp\/v2\/tags?post=194577"}],"curies":[{"name":"wp","href":"https:\/\/api.w.org\/{rel}","templated":true}]}}