{"id":194581,"date":"2025-06-21T23:42:39","date_gmt":"2025-06-21T23:42:39","guid":{"rendered":"https:\/\/www.europesays.com\/fr\/194581\/"},"modified":"2025-06-21T23:42:39","modified_gmt":"2025-06-21T23:42:39","slug":"fleville-devant-nancy-le-gala-de-lecole-de-danse-se-prepare-pour-le-mardi-24-juin","status":"publish","type":"post","link":"https:\/\/www.europesays.com\/fr\/194581\/","title":{"rendered":"Fl\u00e9ville-devant-Nancy. Le gala de l\u2019\u00e9cole de danse se pr\u00e9pare pour le mardi 24\u00a0juin"},"content":{"rendered":"<p>L\u2019\u00e9cole de danse de l\u2019association familiale finalise son traditionnel gala. Ce nouveau spectacle est mis en sc\u00e8ne par Christelle Roux. Depuis plusieurs mois, les petites mains s\u2019affairent aussi pour pr\u00e9parer les costumes sous l\u2019\u0153il attentif de la professeure de danses et les danseuses r\u00e9p\u00e8tent leurs prestations. Le gala, sur \u00ab\u00a0les danses d\u2019hier\u00a0\u00bb, sera pr\u00e9sent\u00e9 mardi 24\u00a0juin \u00e0 la salle des f\u00eates \u00e0 partir de 20\u00a0h\u00a030.<\/p>\n","protected":false},"excerpt":{"rendered":"L\u2019\u00e9cole de danse de l\u2019association familiale finalise son traditionnel gala. Ce nouveau spectacle est mis en sc\u00e8ne par&hellip;\n","protected":false},"author":2,"featured_media":194582,"comment_status":"","ping_status":"","sticky":false,"template":"","format":"standard","meta":{"footnotes":""},"categories":[9635],"tags":[1111,11,1687,1704,1777,674,9650,1011,27,775,9649,1702,12,25],"class_list":{"0":"post-194581","1":"post","2":"type-post","3":"status-publish","4":"format-standard","5":"has-post-thumbnail","7":"category-nancy","8":"tag-actu","9":"tag-actualites","10":"tag-culture-loisirs","11":"tag-edition-nancy-et-agglomeration","12":"tag-eu","13":"tag-europe","14":"tag-fleville-devant-nancy","15":"tag-fr","16":"tag-france","17":"tag-grand-est","18":"tag-metropole-du-grand-nancy-54b2","19":"tag-nancy","20":"tag-news","21":"tag-republique-francaise"},"share_on_mastodon":{"url":"https:\/\/pubeurope.com\/@fr\/114724008308400087","error":""},"_links":{"self":[{"href":"https:\/\/www.europesays.com\/fr\/wp-json\/wp\/v2\/posts\/194581","targetHints":{"allow":["GET"]}}],"collection":[{"href":"https:\/\/www.europesays.com\/fr\/wp-json\/wp\/v2\/posts"}],"about":[{"href":"https:\/\/www.europesays.com\/fr\/wp-json\/wp\/v2\/types\/post"}],"author":[{"embeddable":true,"href":"https:\/\/www.europesays.com\/fr\/wp-json\/wp\/v2\/users\/2"}],"replies":[{"embeddable":true,"href":"https:\/\/www.europesays.com\/fr\/wp-json\/wp\/v2\/comments?post=194581"}],"version-history":[{"count":0,"href":"https:\/\/www.europesays.com\/fr\/wp-json\/wp\/v2\/posts\/194581\/revisions"}],"wp:featuredmedia":[{"embeddable":true,"href":"https:\/\/www.europesays.com\/fr\/wp-json\/wp\/v2\/media\/194582"}],"wp:attachment":[{"href":"https:\/\/www.europesays.com\/fr\/wp-json\/wp\/v2\/media?parent=194581"}],"wp:term":[{"taxonomy":"category","embeddable":true,"href":"https:\/\/www.europesays.com\/fr\/wp-json\/wp\/v2\/categories?post=194581"},{"taxonomy":"post_tag","embeddable":true,"href":"https:\/\/www.europesays.com\/fr\/wp-json\/wp\/v2\/tags?post=194581"}],"curies":[{"name":"wp","href":"https:\/\/api.w.org\/{rel}","templated":true}]}}