{"id":194587,"date":"2025-06-21T23:45:12","date_gmt":"2025-06-21T23:45:12","guid":{"rendered":"https:\/\/www.europesays.com\/fr\/194587\/"},"modified":"2025-06-21T23:45:12","modified_gmt":"2025-06-21T23:45:12","slug":"previsions-du-dimanche-22-juin-2025","status":"publish","type":"post","link":"https:\/\/www.europesays.com\/fr\/194587\/","title":{"rendered":"pr\u00e9visions du dimanche 22 juin 2025"},"content":{"rendered":"<p>Montpellier aura le plaisir de pouvoir profiter d&rsquo;une superbe journ\u00e9e ensoleill\u00e9e. Les temp\u00e9ratures seront de 25\u00b0C. Un vent de nord-est soufflera un peu, avec 12 km\/h. Le matin, les temp\u00e9ratures afficheront entre 24 et 28\u00b0C, un temps vraiment de saison. L&rsquo;\u00e9t\u00e9 s&rsquo;est d\u00e9finitivement install\u00e9 puisque les valeurs s&rsquo;\u00e9chelonneront de 26 \u00e0 28\u00b0C sur l&rsquo;ensemble de l&rsquo;apr\u00e8s-midi. Le soir, on anticipe des temp\u00e9ratures d&rsquo;environ 24\u00b0C. Le passage de dimanche \u00e0 lundi se fera sous un ciel limpide.<\/p>\n<p>Un beau soleil est attendu demain \u00e0 Montpellier. La m\u00e9t\u00e9o va se r\u00e9chauffer avec une augmentation de quelques degr\u00e9s pour un \u00e9t\u00e9 chaud. Les valeurs maximales attendues sont importantes, avec 32\u00b0C. Ce sera un bel \u00e9t\u00e9 : les temp\u00e9ratures seront comprises entre 22 et 32\u00b0C. Un vent de sud-ouest rafra\u00eechira sensiblement l&rsquo;atmosph\u00e8re. La p\u00e9riode de fortes chaleurs est bien l\u00e0, avec des valeurs qui pourront monter \u00e0 30\u00b0C le matin. Les maximales pourront atteindre 30\u00b0C alors que les minimales seront de 24\u00b0C : c&rsquo;est donc un superbe \u00e9t\u00e9. La ville va p\u00e2tir des grosses chaleurs avec des temp\u00e9ratures qui devraient grimper jusqu&rsquo;\u00e0 32\u00b0C demain apr\u00e8s-midi. Les importantes chaleurs sont pr\u00e9sentes. Avec des valeurs situ\u00e9es entre 28 et 30\u00b0C. Les temp\u00e9ratures tourneront autour des 29\u00b0C au cours de la soir\u00e9e.<\/p>\n<p>Les jours passent et se ressemblent. Des temp\u00e9ratures dans les 30\u00b0C accompagneront un ciel ensoleill\u00e9.<\/p>\n<p><\/p>\n","protected":false},"excerpt":{"rendered":"Montpellier aura le plaisir de pouvoir profiter d&rsquo;une superbe journ\u00e9e ensoleill\u00e9e. Les temp\u00e9ratures seront de 25\u00b0C. Un vent&hellip;\n","protected":false},"author":2,"featured_media":194588,"comment_status":"","ping_status":"","sticky":false,"template":"","format":"standard","meta":{"footnotes":""},"categories":[9599],"tags":[1111,11,1777,674,1011,27,7089,2681,2208,12,2680,2119,25],"class_list":{"0":"post-194587","1":"post","2":"type-post","3":"status-publish","4":"format-standard","5":"has-post-thumbnail","7":"category-montpellier","8":"tag-actu","9":"tag-actualites","10":"tag-eu","11":"tag-europe","12":"tag-fr","13":"tag-france","14":"tag-herault","15":"tag-languedoc-roussillon","16":"tag-montpellier","17":"tag-news","18":"tag-occitanie","19":"tag-previsions-meteo","20":"tag-republique-francaise"},"share_on_mastodon":{"url":"https:\/\/pubeurope.com\/@fr\/114724020313707744","error":""},"_links":{"self":[{"href":"https:\/\/www.europesays.com\/fr\/wp-json\/wp\/v2\/posts\/194587","targetHints":{"allow":["GET"]}}],"collection":[{"href":"https:\/\/www.europesays.com\/fr\/wp-json\/wp\/v2\/posts"}],"about":[{"href":"https:\/\/www.europesays.com\/fr\/wp-json\/wp\/v2\/types\/post"}],"author":[{"embeddable":true,"href":"https:\/\/www.europesays.com\/fr\/wp-json\/wp\/v2\/users\/2"}],"replies":[{"embeddable":true,"href":"https:\/\/www.europesays.com\/fr\/wp-json\/wp\/v2\/comments?post=194587"}],"version-history":[{"count":0,"href":"https:\/\/www.europesays.com\/fr\/wp-json\/wp\/v2\/posts\/194587\/revisions"}],"wp:featuredmedia":[{"embeddable":true,"href":"https:\/\/www.europesays.com\/fr\/wp-json\/wp\/v2\/media\/194588"}],"wp:attachment":[{"href":"https:\/\/www.europesays.com\/fr\/wp-json\/wp\/v2\/media?parent=194587"}],"wp:term":[{"taxonomy":"category","embeddable":true,"href":"https:\/\/www.europesays.com\/fr\/wp-json\/wp\/v2\/categories?post=194587"},{"taxonomy":"post_tag","embeddable":true,"href":"https:\/\/www.europesays.com\/fr\/wp-json\/wp\/v2\/tags?post=194587"}],"curies":[{"name":"wp","href":"https:\/\/api.w.org\/{rel}","templated":true}]}}