{"id":194589,"date":"2025-06-21T23:46:19","date_gmt":"2025-06-21T23:46:19","guid":{"rendered":"https:\/\/www.europesays.com\/fr\/194589\/"},"modified":"2025-06-21T23:46:19","modified_gmt":"2025-06-21T23:46:19","slug":"mhr-montpellier-quitte-a-son-tour-le-coq-sportif-pour-un-autre-equipementier","status":"publish","type":"post","link":"https:\/\/www.europesays.com\/fr\/194589\/","title":{"rendered":"MHR. Montpellier quitte \u00e0 son tour Le Coq Sportif pour un autre \u00e9quipementier"},"content":{"rendered":"<p><img fetchpriority=\"high\" decoding=\"async\" width=\"620\" height=\"413\" src=\"https:\/\/www.europesays.com\/fr\/wp-content\/uploads\/2025\/06\/MHR-Hummel-620x413.jpg\" alt=\"MHR. Montpellier quitte \u00e0 son tour Le Coq Sportif pour un autre \u00e9quipementier\" class=\"wp-image-370213\"  \/>Le MHR signe avec l\u2019\u00e9quipementier danois Hummel.<\/p>\n<p>Le <a href=\"https:\/\/sportune.20minutes.fr\/montpellier-herault-rugby-mhr\" target=\"_blank\" rel=\"noopener\">Montpellier H\u00e9rault Rugby<\/a> tourne d\u00e9finitivement la page Le Coq Sportif. Le club h\u00e9raultais vient d\u2019officialiser un nouveau partenariat avec l\u2019\u00e9quipementier danois Hummel, qui s\u2019\u00e9tendra jusqu\u2019en 2029. Cette signature marque l\u2019entr\u00e9e de la marque nordique dans l\u2019\u00e9lite du rugby fran\u00e7ais.<\/p>\n<p>Pour Hummel, ce contrat repr\u00e9sente un tournant strat\u00e9gique majeur. L\u2019\u00e9quipementier, traditionnellement ancr\u00e9 dans le handball et de plus en plus pr\u00e9sent dans le football fran\u00e7ais, pose ses premiers jalons dans le championnat de rugby de l\u2019Hexagone. Cette incursion dans l\u2019ovalie s\u2019inscrit dans une d\u00e9marche d\u2019expansion tous azimuts de la marque aux chevrons sur le territoire fran\u00e7ais.<\/p>\n<p>Le Coq Sportif s\u2019efface comme Hummel s\u2019impose dans un nouvel univers<\/p>\n<p>Le partenariat associe \u00e9galement Intersport dans cette collaboration tripartite, renfor\u00e7ant l\u2019aspect commercial et la distribution des produits d\u00e9riv\u00e9s du club montpelli\u00e9rain. Cette alliance vise \u00e0 conjuguer l\u2019expertise technique de Hummel avec le r\u00e9seau de distribution du g\u00e9ant fran\u00e7ais du sport.<\/p>\n<p>Ce rapprochement officialis\u00e9 intervient dans un contexte particulier pour l\u2019ancien partenaire, Le Coq Sportif, actuellement plac\u00e9 en redressement judiciaire. Contrairement aux r\u00e9centes ruptures anticip\u00e9es avec l\u2019<a href=\"https:\/\/sportune.20minutes.fr\/ogc-nice-ogcn\" target=\"_blank\" rel=\"noopener\">OGC Nice<\/a> ou l\u2019<a href=\"https:\/\/sportune.20minutes.fr\/estac-troyes\" target=\"_blank\" rel=\"noopener\">ESTAC Troyes<\/a> dans le foot, le contrat avec le <a href=\"https:\/\/sportune.20minutes.fr\/montpellier-herault-rugby-mhr\" target=\"_blank\" rel=\"noopener\">MHR<\/a> arrivait naturellement \u00e0 son terme, \u00e9vitant ainsi les complications juridiques observ\u00e9es ailleurs.<\/p>\n<p>La marque tricolore voit n\u00e9anmoins s\u2019\u00e9roder progressivement son portefeuille de clubs partenaires, fragilisant sa pr\u00e9sence dans le sport professionnel fran\u00e7ais. Apr\u00e8s le football, c\u2019est d\u00e9sormais le rugby qui \u00e9chappe en partie \u00e0 l\u2019\u00e9quipementier historique.<\/p>\n","protected":false},"excerpt":{"rendered":"Le MHR signe avec l\u2019\u00e9quipementier danois Hummel. Le Montpellier H\u00e9rault Rugby tourne d\u00e9finitivement la page Le Coq Sportif.&hellip;\n","protected":false},"author":2,"featured_media":194590,"comment_status":"","ping_status":"","sticky":false,"template":"","format":"standard","meta":{"footnotes":""},"categories":[9599],"tags":[1111,11,1777,674,1011,27,33343,14987,2208,12,2680,25],"class_list":{"0":"post-194589","1":"post","2":"type-post","3":"status-publish","4":"format-standard","5":"has-post-thumbnail","7":"category-montpellier","8":"tag-actu","9":"tag-actualites","10":"tag-eu","11":"tag-europe","12":"tag-fr","13":"tag-france","14":"tag-hummel","15":"tag-mhr","16":"tag-montpellier","17":"tag-news","18":"tag-occitanie","19":"tag-republique-francaise"},"share_on_mastodon":{"url":"https:\/\/pubeurope.com\/@fr\/114724024088714856","error":""},"_links":{"self":[{"href":"https:\/\/www.europesays.com\/fr\/wp-json\/wp\/v2\/posts\/194589","targetHints":{"allow":["GET"]}}],"collection":[{"href":"https:\/\/www.europesays.com\/fr\/wp-json\/wp\/v2\/posts"}],"about":[{"href":"https:\/\/www.europesays.com\/fr\/wp-json\/wp\/v2\/types\/post"}],"author":[{"embeddable":true,"href":"https:\/\/www.europesays.com\/fr\/wp-json\/wp\/v2\/users\/2"}],"replies":[{"embeddable":true,"href":"https:\/\/www.europesays.com\/fr\/wp-json\/wp\/v2\/comments?post=194589"}],"version-history":[{"count":0,"href":"https:\/\/www.europesays.com\/fr\/wp-json\/wp\/v2\/posts\/194589\/revisions"}],"wp:featuredmedia":[{"embeddable":true,"href":"https:\/\/www.europesays.com\/fr\/wp-json\/wp\/v2\/media\/194590"}],"wp:attachment":[{"href":"https:\/\/www.europesays.com\/fr\/wp-json\/wp\/v2\/media?parent=194589"}],"wp:term":[{"taxonomy":"category","embeddable":true,"href":"https:\/\/www.europesays.com\/fr\/wp-json\/wp\/v2\/categories?post=194589"},{"taxonomy":"post_tag","embeddable":true,"href":"https:\/\/www.europesays.com\/fr\/wp-json\/wp\/v2\/tags?post=194589"}],"curies":[{"name":"wp","href":"https:\/\/api.w.org\/{rel}","templated":true}]}}