{"id":194591,"date":"2025-06-21T23:50:50","date_gmt":"2025-06-21T23:50:50","guid":{"rendered":"https:\/\/www.europesays.com\/fr\/194591\/"},"modified":"2025-06-21T23:50:50","modified_gmt":"2025-06-21T23:50:50","slug":"aire-grenobloise-greve-et-perturbations-dans-les-transports-en-commun","status":"publish","type":"post","link":"https:\/\/www.europesays.com\/fr\/194591\/","title":{"rendered":"Aire grenobloise : gr\u00e8ve et perturbations dans les transports en commun"},"content":{"rendered":"<p><img loading=\"lazy\" decoding=\"async\" alt=\"\u00a9 Thomas Richardson - En raison d'un mouvement de gr\u00e8ve, plusieurs lignes Chrono ne circuleront pas ce vendredi 20 juin \u00e0 Grenoble. Le mouvement est \u00e9galement pr\u00e9vu pour samedi.\" data-zoom-src=\"https:\/\/www.europesays.com\/fr\/wp-content\/uploads\/2025\/06\/initial-img-20220113-105416.jpg\" data-zoomable=\"\" height=\"702\" src=\"https:\/\/www.europesays.com\/fr\/wp-content\/uploads\/2025\/06\/initial-img-20220113-105416.jpg\" width=\"1248\"\/>  <\/p>\n<p class=\"article-desc\">\u00a9 Thomas Richardson &#8211; En raison d&rsquo;un mouvement de gr\u00e8ve, plusieurs lignes Chrono ne circuleront pas ce vendredi 20 juin \u00e0 Grenoble. Le mouvement est \u00e9galement pr\u00e9vu pour samedi. <\/p>\n<p>Les <strong>syndicats <\/strong>de <strong>MTag<\/strong>, la soci\u00e9t\u00e9 publique locale qui exploite le <a href=\"https:\/\/www.google.com\/search?q=transport+en+commun+gr%C3%A9sivaudan+mesinfos&amp;rlz=1C1CHBD_frFR987FR987&amp;oq=transport+en+commun+gr%C3%A9sivaudan+mesinfos&amp;gs_lcrp=EgZjaHJvbWUyBggAEEUYOTIHCAEQIRigATIHCAIQIRigAdIBCDQ4OTRqMGo0qAIAsAIA&amp;sourceid=chrome&amp;ie=UTF-8\" rel=\"noopener\" target=\"_blank\">r\u00e9seau de transport en commun Mr\u00e9so,<\/a> pour le compte du Syndicat mixte des mobilit\u00e9s de l&rsquo;aire grenobloise (Smmag),\u00a0appellent \u00e0 la <strong>gr\u00e8ve <\/strong>ce <strong>vendredi 20 et ce samedi 21 juin 2025<\/strong>. Ils d\u00e9noncent des <strong>conditions de travail d\u00e9grad\u00e9es<\/strong>. <\/p>\n<p>Gr\u00e8ve des transports en commun sur l&rsquo;aire grenobloise : pas de tram ce vendredi 20 juin <\/p>\n<p>En cons\u00e9quence, le service sera fortement perturb\u00e9 sur le territoire de la M\u00e9tropole de Grenoble. A commencer par l&rsquo;ensemble des <strong>lignes de tram<\/strong> qui <strong>ne fonctionneront pas<\/strong> ce vendredi. Il en sera probablement de m\u00eame le samedi 21 juin. <\/p>\n<p>Concernant les <strong>lignes Chrono<\/strong>, la direction de MTag annonce que, vendredi, les lignes <strong>C2 et C6<\/strong> ne circuleront pas vendredi. Sur la ligne C1, pr\u00e9voir un bus toutes les 20 minutes direction Pr\u00e9-de-l&rsquo;Eau. Pour les lignes C3, C4, C5, C7, C8, pr\u00e9voir un bus toutes les 10 minutes environ. Les lignes C9 \u00e0 C14 circuleront normalement.<\/p>\n<p> Retour \u00e0 la normale attendu dimanche 22 juin <\/p>\n<p>Vendredi toujours,<strong> cinq lignes Proximo ne circuleront pas<\/strong>. il s&rsquo;agit des lignes 16, 18, 29, 20 et 22. Les autres circuleront normalement. La gr\u00e8ve n&rsquo;aura pas d&rsquo;impact sur les lignes Flexo.<\/p>\n<p>La direction de MTag pr\u00e9cise que la gr\u00e8ve n&rsquo;impactera pas non plus la circulation des lignes MR\u00e9so intra-Voironnais et MR\u00e9so intra-Gr\u00e9sivaudan. <\/p>\n<p>Un <strong>retour \u00e0 la normale<\/strong> sur l&rsquo;ensemble du r\u00e9seau est attendu ce dimanche 22 juin. <\/p>\n<p>Une gr\u00e8ve qui contrarie l&rsquo;annonce de la gratuite des transports pour la F\u00eate de la musique <\/p>\n<p>Le mouvement de gr\u00e8ve survient au moment de la F\u00eate de la musique. Le Smmag a annonc\u00e9 la <strong>gratuit\u00e9 des transports en commun<\/strong> sur l&rsquo;ensemble du r\u00e9seau MR\u00e9so samedi 21 juin \u00e0 partir de 17h pour encourager le public \u00e0 se rendre sur les lieux festifs en transport en commun. Une initiative qui risque d&rsquo;\u00eatre s\u00e9rieusement compromise dans la M\u00e9tropole de Grenoble et dans la ville de Grenoble o\u00f9 une <a href=\"https:\/\/mesinfos.fr\/38000-grenoble\/fete-de-la-musique-a-grenoble-le-centre-ville-en-partie-ferme-a-la-circulation-224815.html\" rel=\"noopener\" target=\"_blank\">partie du centre-ville sera pi\u00e9tonnis\u00e9<\/a>.<\/p>\n","protected":false},"excerpt":{"rendered":"\u00a9 Thomas Richardson &#8211; En raison d&rsquo;un mouvement de gr\u00e8ve, plusieurs lignes Chrono ne circuleront pas ce vendredi&hellip;\n","protected":false},"author":2,"featured_media":194592,"comment_status":"","ping_status":"","sticky":false,"template":"","format":"standard","meta":{"footnotes":""},"categories":[9566],"tags":[1111,11,2430,1777,674,1011,27,2731,11611,12,7854,25,33344],"class_list":{"0":"post-194591","1":"post","2":"type-post","3":"status-publish","4":"format-standard","5":"has-post-thumbnail","7":"category-grenoble","8":"tag-actu","9":"tag-actualites","10":"tag-auvergne-rhone-alpes","11":"tag-eu","12":"tag-europe","13":"tag-fr","14":"tag-france","15":"tag-grenoble","16":"tag-gru00e8ves","17":"tag-news","18":"tag-perturbations","19":"tag-republique-francaise","20":"tag-transport-en-commun"},"share_on_mastodon":{"url":"https:\/\/pubeurope.com\/@fr\/114724043710747729","error":""},"_links":{"self":[{"href":"https:\/\/www.europesays.com\/fr\/wp-json\/wp\/v2\/posts\/194591","targetHints":{"allow":["GET"]}}],"collection":[{"href":"https:\/\/www.europesays.com\/fr\/wp-json\/wp\/v2\/posts"}],"about":[{"href":"https:\/\/www.europesays.com\/fr\/wp-json\/wp\/v2\/types\/post"}],"author":[{"embeddable":true,"href":"https:\/\/www.europesays.com\/fr\/wp-json\/wp\/v2\/users\/2"}],"replies":[{"embeddable":true,"href":"https:\/\/www.europesays.com\/fr\/wp-json\/wp\/v2\/comments?post=194591"}],"version-history":[{"count":0,"href":"https:\/\/www.europesays.com\/fr\/wp-json\/wp\/v2\/posts\/194591\/revisions"}],"wp:featuredmedia":[{"embeddable":true,"href":"https:\/\/www.europesays.com\/fr\/wp-json\/wp\/v2\/media\/194592"}],"wp:attachment":[{"href":"https:\/\/www.europesays.com\/fr\/wp-json\/wp\/v2\/media?parent=194591"}],"wp:term":[{"taxonomy":"category","embeddable":true,"href":"https:\/\/www.europesays.com\/fr\/wp-json\/wp\/v2\/categories?post=194591"},{"taxonomy":"post_tag","embeddable":true,"href":"https:\/\/www.europesays.com\/fr\/wp-json\/wp\/v2\/tags?post=194591"}],"curies":[{"name":"wp","href":"https:\/\/api.w.org\/{rel}","templated":true}]}}