{"id":194593,"date":"2025-06-21T23:52:16","date_gmt":"2025-06-21T23:52:16","guid":{"rendered":"https:\/\/www.europesays.com\/fr\/194593\/"},"modified":"2025-06-21T23:52:16","modified_gmt":"2025-06-21T23:52:16","slug":"previsions-du-dimanche-22-juin-2025-2","status":"publish","type":"post","link":"https:\/\/www.europesays.com\/fr\/194593\/","title":{"rendered":"pr\u00e9visions du dimanche 22 juin 2025"},"content":{"rendered":"<p>Un magnifique soleil brillera sur Rennes, o\u00f9 la journ\u00e9e s&rsquo;annoncera des plus agr\u00e9ables. Les temp\u00e9ratures s&rsquo;\u00e9chelonneront entre 13 et 28\u00b0C. Un vent de sud-ouest rafra\u00eechira quelque peu l&rsquo;atmosph\u00e8re. Les valeurs avoisineront les 21\u00b0C dans la matin\u00e9e. Les temp\u00e9ratures vont conna\u00eetre une hausse de plusieurs degr\u00e9s dans l&rsquo;apr\u00e8s-midi. Les valeurs seront de 26\u00b0C au minimum et de 28\u00b0C au maximum. On pr\u00e9voit une nuit brumeuse entre dimanche et lundi.<\/p>\n<p>Demain, une diminution des temp\u00e9ratures est attendue \u00e0 Rennes. Les valeurs afficheront entre 11 et 25\u00b0C. Le matin, l&rsquo;arriv\u00e9e du soleil sera retard\u00e9e par quelques nuages. Il faudra emporter son parapluie pour \u00e9viter les pluies \u00e9parses. Une brise d&rsquo;ouest soufflera doucement. C&rsquo;est un soleil radieux qui va briller demain apr\u00e8s-midi. L&rsquo;air ambiant va se r\u00e9chauffer avec une augmentation de plusieurs degr\u00e9s. Les maximales atteindront les 25\u00b0C alors que les minimales seront de 24\u00b0C. Un vent de nord-ouest, atteignant 21 km\/h, soufflera. Dans la soir\u00e9e, les temp\u00e9ratures seront de 18\u00b0C. La ville sera touch\u00e9e par un vent de nord de 20 km\/h.<\/p>\n<p>Les conditions m\u00e9t\u00e9orologiques des jours qui suivent vont changer progressivement. Apr\u00e8s des conditions m\u00e9t\u00e9orologiques similaires mardi, la situation changera mercredi.<\/p>\n<p><\/p>\n","protected":false},"excerpt":{"rendered":"Un magnifique soleil brillera sur Rennes, o\u00f9 la journ\u00e9e s&rsquo;annoncera des plus agr\u00e9ables. Les temp\u00e9ratures s&rsquo;\u00e9chelonneront entre 13&hellip;\n","protected":false},"author":2,"featured_media":194594,"comment_status":"","ping_status":"","sticky":false,"template":"","format":"standard","meta":{"footnotes":""},"categories":[2821],"tags":[1111,11,829,1777,674,1011,27,848,12,2119,584,25],"class_list":{"0":"post-194593","1":"post","2":"type-post","3":"status-publish","4":"format-standard","5":"has-post-thumbnail","7":"category-rennes","8":"tag-actu","9":"tag-actualites","10":"tag-bretagne","11":"tag-eu","12":"tag-europe","13":"tag-fr","14":"tag-france","15":"tag-ille-et-vilaine","16":"tag-news","17":"tag-previsions-meteo","18":"tag-rennes","19":"tag-republique-francaise"},"share_on_mastodon":{"url":"https:\/\/pubeurope.com\/@fr\/114724047634974617","error":""},"_links":{"self":[{"href":"https:\/\/www.europesays.com\/fr\/wp-json\/wp\/v2\/posts\/194593","targetHints":{"allow":["GET"]}}],"collection":[{"href":"https:\/\/www.europesays.com\/fr\/wp-json\/wp\/v2\/posts"}],"about":[{"href":"https:\/\/www.europesays.com\/fr\/wp-json\/wp\/v2\/types\/post"}],"author":[{"embeddable":true,"href":"https:\/\/www.europesays.com\/fr\/wp-json\/wp\/v2\/users\/2"}],"replies":[{"embeddable":true,"href":"https:\/\/www.europesays.com\/fr\/wp-json\/wp\/v2\/comments?post=194593"}],"version-history":[{"count":0,"href":"https:\/\/www.europesays.com\/fr\/wp-json\/wp\/v2\/posts\/194593\/revisions"}],"wp:featuredmedia":[{"embeddable":true,"href":"https:\/\/www.europesays.com\/fr\/wp-json\/wp\/v2\/media\/194594"}],"wp:attachment":[{"href":"https:\/\/www.europesays.com\/fr\/wp-json\/wp\/v2\/media?parent=194593"}],"wp:term":[{"taxonomy":"category","embeddable":true,"href":"https:\/\/www.europesays.com\/fr\/wp-json\/wp\/v2\/categories?post=194593"},{"taxonomy":"post_tag","embeddable":true,"href":"https:\/\/www.europesays.com\/fr\/wp-json\/wp\/v2\/tags?post=194593"}],"curies":[{"name":"wp","href":"https:\/\/api.w.org\/{rel}","templated":true}]}}