{"id":194595,"date":"2025-06-21T23:53:27","date_gmt":"2025-06-21T23:53:27","guid":{"rendered":"https:\/\/www.europesays.com\/fr\/194595\/"},"modified":"2025-06-21T23:53:27","modified_gmt":"2025-06-21T23:53:27","slug":"cest-inhumain-avec-la-chaleur-a-rennes-un-campement-de-migrants-confronte-a-la-canicule","status":"publish","type":"post","link":"https:\/\/www.europesays.com\/fr\/194595\/","title":{"rendered":"\u00ab\u00a0C\u2019est inhumain avec la chaleur\u00a0\u00bb \u00e0 Rennes un campement de migrants confront\u00e9 \u00e0 la canicule"},"content":{"rendered":"<p>\u00c0 la mi-journ\u00e9e, la chaleur est d\u00e9j\u00e0 \u00e9crasante. Dans le parc de Maurepas des riverains sont pr\u00e9sents en qu\u00eate d\u2019un peu d\u2019air en se mettant \u00e0 l\u2019abri des arbres autour des espaces de jeux pour les enfants. Pas besoin de marcher longuement pour apercevoir non loin de l\u00e0, le campement dans un coin du parc. Une centaine de tentes sont dress\u00e9es sous des arbres quand il reste de la place. Des enfants eux jouent entre les tentes. Chacun vaque \u00e0 ses occupations : mettre du linge \u00e0 s\u00e9cher, pr\u00e9parer un repas sur les gazini\u00e8res fournies par des associations d\u2019aide aux migrants.<\/p>\n<p><img decoding=\"async\" src=\"https:\/\/www.europesays.com\/fr\/wp-content\/uploads\/2025\/06\/6856d8ce6c814a1ca80c7755.1.jpeg\" width=\"480\" height=\"300\" class=\"web_golden_m\" loading=\"lazy\" alt=\"\u00ab\u00a0C\u2019est inhumain avec la chaleur\u00a0\u00bb \u00e0 Rennes un campement de migrants confront\u00e9 \u00e0 la canicule\"\/> (Le T\u00e9l\u00e9gramme\/Erwan Miloux)\u00ab La vie ici est tr\u00e8s compliqu\u00e9e \u00bb<\/p>\n<p>Beaucoup pour ne pas rester inactif sont b\u00e9n\u00e9voles dans des associations caritatives. C\u2019est le cas de Tr\u00e9sor, un Congolais en demande d\u2019asile. Il est install\u00e9 dans le campement depuis trois mois : \u00ab La vie ici est tr\u00e8s compliqu\u00e9e. En plus avec la canicule \u00e7a devient terrible. Il faut imaginer de vivre \u00e0 200 personnes avec seulement trois ou quatre robinets d\u2019eau autour. Il n\u2019y a que quatre toilettes. C\u2019est vraiment tr\u00e8s insuffisant. Il y a des enfants, des femmes enceintes, des personnes \u00e0 mobilit\u00e9 r\u00e9duite. On ne voit pas comment on va s\u2019en sortir. Il faudrait au minimum plus de points d\u2019eau et de l\u2019\u00e9lectricit\u00e9. Heureusement qu\u2019il y a des associations qui nous aident \u00bb. Dans une tente \u00e0 c\u00f4t\u00e9 Mike est arriv\u00e9 au campement de Maurepas il y a deux mois : \u00ab On ne vit pas dans des conditions normales. C\u2019est vraiment inhumain avec la chaleur. La temp\u00e9rature dans les tentes nous emp\u00eache de dormir. La journ\u00e9e on ne peut m\u00eame pas y rester. L\u2019hiver on g\u00e8le avec le froid. Il nous faudrait avant tout des logements. On attend les proc\u00e9dures de r\u00e9gularisation. On fait \u00e7a avec les portables et il nous faut de l\u2019\u00e9lectricit\u00e9 pour les charger. Comme il n\u2019y en a pas, on doit aller jusqu\u2019\u00e0 la gare pour le faire \u00bb. Apr\u00e8s avoir d\u00e9j\u00e0 pass\u00e9 un hiver dans un gymnase, il esp\u00e8re enfin voir la situation \u00e9voluer.<\/p>\n<p><img decoding=\"async\" src=\"https:\/\/www.europesays.com\/fr\/wp-content\/uploads\/2025\/06\/6856d8ce5310fe75920a8613.1.jpeg\" width=\"480\" height=\"300\" class=\"web_golden_m\" loading=\"lazy\" alt=\"\u00ab\u00a0C\u2019est inhumain avec la chaleur\u00a0\u00bb \u00e0 Rennes un campement de migrants confront\u00e9 \u00e0 la canicule\"\/> (Le T\u00e9l\u00e9gramme\/Erwan Miloux)\u00ab Conditions de vie indignes \u00bb<\/p>\n<p>Des repr\u00e9sentants de l\u2019inter-organisation de soutien aux personnes exil\u00e9es sont \u00e9galement pr\u00e9sents pour aider les migrants sur place. Selon eux 200 personnes sont install\u00e9es dans ce campement, dont une quarantaine d\u2019enfants et dont 10 de moins de 6 ans. Un regroupement qui a vu grossir ses rangs depuis la fermeture du gymnase F\u00e9lix Masson, o\u00f9 des migrants \u00e9taient \u00e0 l\u2019abri, et la fin de la tr\u00eave hivernale. \u00ab Les conditions de vie ici sont indignes surtout avec le temps qu\u2019il fait actuellement. Jeudi 800 bouteilles d\u2019eau ont \u00e9t\u00e9 livr\u00e9es par la Ville. Elles ne vont pas durer, qu\u2019est-ce que l\u2019on fait apr\u00e8s. L\u2019association Solidarit\u00e9s International estime qu\u2019au vu de la situation ici il faudrait plus de points d\u2019eau, plus de sanitaires et des douches. Actuellement il n\u2019y a que trois points d\u2019eau dont deux tr\u00e8s \u00e9loign\u00e9s et quatre sanitaires deux du parc et deux autres de type toilettes de chantier. Il y a un camion douche d\u2019une association qui passe deux fois par semaine. La Ville fait des efforts c\u2019est vrai, mais elle pourrait mieux faire \u00bb explique Pierrick membre de l\u2019inter-organisation.<\/p>\n<p><img decoding=\"async\" src=\"https:\/\/www.europesays.com\/fr\/wp-content\/uploads\/2025\/06\/6856d8ce12e4486e6d0c9de3.1.jpeg\" width=\"480\" height=\"300\" class=\"web_golden_m\" loading=\"lazy\" alt=\"\u00ab\u00a0C\u2019est inhumain avec la chaleur\u00a0\u00bb \u00e0 Rennes un campement de migrants confront\u00e9 \u00e0 la canicule\"\/> (Le T\u00e9l\u00e9gramme\/Erwan Miloux)<\/p>\n<p>De son c\u00f4t\u00e9 la Ville pr\u00e9cise \u00ab Un agent municipal fait chaque semaine le point sur la situation individuelle des personnes pr\u00e9sentes, afin d\u2018\u00a0alerter les services comp\u00e9tents pour acc\u00e9l\u00e9rer leur prise en charge \u00bb et rappelle \u00ab L\u2019h\u00e9bergement d\u2019urgence est une responsabilit\u00e9 de l\u2019\u00c9tat. Face \u00e0 la saturation chronique des dispositifs d\u2019h\u00e9bergement d\u2019urgence nationaux, et dans un souci humanitaire, la Ville de Rennes met, chaque soir, pr\u00e8s de 1 000 personnes \u00e0 l\u2019abri, en priorit\u00e9 les familles avec des enfants mineurs \u00bb. Un avis partag\u00e9 par les associations sur place \u00ab le responsable d\u2019une telle situation que l\u2019on retrouve r\u00e9guli\u00e8rement, c\u2019est l\u2019\u00c9tat qui ne remplit pas ses fonctions d\u2019h\u00e9bergement d\u2019urgence. On conna\u00eet la crise du logement mais on sait aussi qu\u2019il y a notamment de nombreux bureaux qui sont vides \u00bb.<\/p>\n","protected":false},"excerpt":{"rendered":"\u00c0 la mi-journ\u00e9e, la chaleur est d\u00e9j\u00e0 \u00e9crasante. Dans le parc de Maurepas des riverains sont pr\u00e9sents en&hellip;\n","protected":false},"author":2,"featured_media":194596,"comment_status":"","ping_status":"","sticky":false,"template":"","format":"standard","meta":{"footnotes":""},"categories":[2821],"tags":[1111,11,829,765,1777,674,1011,27,848,12,584,25,2955],"class_list":{"0":"post-194595","1":"post","2":"type-post","3":"status-publish","4":"format-standard","5":"has-post-thumbnail","7":"category-rennes","8":"tag-actu","9":"tag-actualites","10":"tag-bretagne","11":"tag-en-continu","12":"tag-eu","13":"tag-europe","14":"tag-fr","15":"tag-france","16":"tag-ille-et-vilaine","17":"tag-news","18":"tag-rennes","19":"tag-republique-francaise","20":"tag-videos"},"share_on_mastodon":{"url":"https:\/\/pubeurope.com\/@fr\/114724051769207925","error":""},"_links":{"self":[{"href":"https:\/\/www.europesays.com\/fr\/wp-json\/wp\/v2\/posts\/194595","targetHints":{"allow":["GET"]}}],"collection":[{"href":"https:\/\/www.europesays.com\/fr\/wp-json\/wp\/v2\/posts"}],"about":[{"href":"https:\/\/www.europesays.com\/fr\/wp-json\/wp\/v2\/types\/post"}],"author":[{"embeddable":true,"href":"https:\/\/www.europesays.com\/fr\/wp-json\/wp\/v2\/users\/2"}],"replies":[{"embeddable":true,"href":"https:\/\/www.europesays.com\/fr\/wp-json\/wp\/v2\/comments?post=194595"}],"version-history":[{"count":0,"href":"https:\/\/www.europesays.com\/fr\/wp-json\/wp\/v2\/posts\/194595\/revisions"}],"wp:featuredmedia":[{"embeddable":true,"href":"https:\/\/www.europesays.com\/fr\/wp-json\/wp\/v2\/media\/194596"}],"wp:attachment":[{"href":"https:\/\/www.europesays.com\/fr\/wp-json\/wp\/v2\/media?parent=194595"}],"wp:term":[{"taxonomy":"category","embeddable":true,"href":"https:\/\/www.europesays.com\/fr\/wp-json\/wp\/v2\/categories?post=194595"},{"taxonomy":"post_tag","embeddable":true,"href":"https:\/\/www.europesays.com\/fr\/wp-json\/wp\/v2\/tags?post=194595"}],"curies":[{"name":"wp","href":"https:\/\/api.w.org\/{rel}","templated":true}]}}