{"id":194599,"date":"2025-06-21T23:55:27","date_gmt":"2025-06-21T23:55:27","guid":{"rendered":"https:\/\/www.europesays.com\/fr\/194599\/"},"modified":"2025-06-21T23:55:27","modified_gmt":"2025-06-21T23:55:27","slug":"le-festival-vents-dest-revient-a-20-minutes-de-strasbourg","status":"publish","type":"post","link":"https:\/\/www.europesays.com\/fr\/194599\/","title":{"rendered":"le festival Vents d\u2019Est revient \u00e0 20 minutes de Strasbourg"},"content":{"rendered":"<p>    <img loading=\"lazy\" width=\"1800\" height=\"900\" src=\"https:\/\/www.europesays.com\/fr\/wp-content\/uploads\/2025\/04\/jeanne-callthepolice.jpg\" class=\"attachment-full size-full\" alt=\"\" id=\"imageLove\" decoding=\"async\"  \/><\/p>\n<p id=\"breadcrumbs\"><a href=\"https:\/\/pokaa.fr\/\" rel=\"nofollow noopener\" target=\"_blank\">Accueil<\/a> \/ <a href=\"https:\/\/pokaa.fr\/categories\/ses-sorties\/\" rel=\"nofollow noopener\" target=\"_blank\">Sorties<\/a> \/ DJ sets, biergarten, feux d\u2019artifice : le festival Vents d\u2019Est revient \u00e0 20 minutes de Strasbourg<\/p>\n<p>                    Sorties<\/p>\n<p><strong>Comme chaque ann\u00e9e, Furdenheim f\u00eate l\u2019arriv\u00e9e de l\u2019\u00e9t\u00e9 avec le festival Vents d\u2019Est, \u00e0 20 minutes de Strasbourg. Du 4 au 6 juillet, trois soir\u00e9es musicales vous attendent, mais aussi d\u2019\u00e9normes feux d\u2019artifice, pour se r\u00e9galer tant les oreilles que les mirettes. Trois jours, 3 ambiances diff\u00e9rentes pour tous les go\u00fbts : on vous raconte tout ! <\/strong><\/p>\n<p><strong>Du 4 au 6 juillet, Furdenheim<\/strong> va vibrer au rythme du festival <strong>Vents d\u2019Est<\/strong>, qui nous r\u00e9gale depuis plus de 40 ans.<strong> Soir\u00e9es \u00ab electro \u00bb, \u00ab biergarten \u00bb ou encore \u00ab dance \u00bb<\/strong> vous attendent, avec <strong>des expositions d\u2019art et d\u2019artisanat dans tout le village, de la bonne bouffe, de la bonne bi\u00e8re,<\/strong> et bien s\u00fbr, <strong>les feux d\u2019artifice<\/strong> qui sont attendus chaque ann\u00e9e\u00a0! On vous d\u00e9taille le programme.<\/p>\n<p>                <img width=\"749\" height=\"500\" src=\"https:\/\/www.europesays.com\/fr\/wp-content\/uploads\/2025\/06\/vents-dest-furdenheim-9-749x500.jpg\" class=\"attachment-gallery size-gallery\" alt=\"Vents d\u2019Est Furdenheim (9)\" data-full-url=\"https:\/\/pokaa.fr\/wp-content\/uploads\/2023\/06\/vents-dest-furdenheim-9.jpg\" decoding=\"async\" loading=\"lazy\"  \/>            <\/p>\n<p>                <img width=\"749\" height=\"500\" src=\"https:\/\/www.europesays.com\/fr\/wp-content\/uploads\/2025\/06\/vents-dest-furdenheim-11-749x500.jpg\" class=\"attachment-gallery size-gallery\" alt=\"Vents d\u2019Est Furdenheim (11)\" data-full-url=\"https:\/\/pokaa.fr\/wp-content\/uploads\/2023\/06\/vents-dest-furdenheim-11.jpg\" decoding=\"async\" loading=\"lazy\"  \/>            <\/p>\n<p>                <img width=\"749\" height=\"500\" src=\"https:\/\/www.europesays.com\/fr\/wp-content\/uploads\/2025\/06\/vents-dest-furdenheim-12-1-749x500.jpg\" class=\"attachment-gallery size-gallery\" alt=\"Vents d\u2019Est Furdenheim (12)\" data-full-url=\"https:\/\/pokaa.fr\/wp-content\/uploads\/2023\/06\/vents-dest-furdenheim-12-1.jpg\" decoding=\"async\" loading=\"lazy\"  \/>            <\/p>\n<p>                    \u00a9 Vents d&rsquo;Est \/ Documents remis <\/p>\n<p>\u00ab Electro \u00bb, \u00ab Biergarten \u00bb ou \u00ab Dance \u00bb : 3 soir\u00e9es, 3 moods<\/p>\n<p>\u00c7a d\u00e9marre le vendredi soir avec une soir\u00e9e <strong>Summer electro<\/strong>, anim\u00e9e par <strong>La Folie Douce<\/strong> qui revient mettre l\u2019ambiance. En premi\u00e8re partie, c\u2019est DJ Trempln Riffx qui saura vous faire danser, et en after, on retrouvera DJ Kab !<\/p>\n<p>Le samedi, c\u2019est <strong>Robin Leon<\/strong> qui viendra bercer nos oreilles de ses meilleurs tubes de <strong>schlager<\/strong>, pour la soir\u00e9e en partenariat avec la <strong>Brasserie Licorne<\/strong>. Ambiance<strong> biergarten<\/strong> garantie, avec de <strong>la bibine \u00e0 flot<\/strong>, et en premi\u00e8re partie : Nanos et Elsass Power pour s\u2019\u00e9chauffer comme il se doit !<\/p>\n<p>Pour celles et ceux qui veulent <strong>mettre le feu au dancefloor<\/strong>, r\u00e9servez votre dimanche soir\u00a0: <strong>Dr Boost<\/strong> viendra nous r\u00e9galer, accompagn\u00e9 de DJ FK et TOP60 en premi\u00e8re partie.<\/p>\n<p>                <a href=\"https:\/\/pokaa.fr\/2023\/06\/11\/festival-vents-dest-10-ans-dart-de-lumiere-et-de-partage-celebres-a-15-min-de-strasbourg\/\" rel=\"nofollow noopener\" target=\"_blank\"><br \/>\n                    <img width=\"450\" height=\"270\" src=\"https:\/\/www.europesays.com\/fr\/wp-content\/uploads\/2025\/06\/vents-dest-furdenheim-1-1-450x270.jpg\" class=\"attachment-card-horizontal--same-subject size-card-horizontal--same-subject wp-post-image\" alt=\"\" decoding=\"async\" loading=\"lazy\"\/>                <\/a><\/p>\n<p>                <img width=\"860\" height=\"500\" src=\"https:\/\/www.europesays.com\/fr\/wp-content\/uploads\/2025\/06\/capture-decran-2024-06-11-234333-860x500.png\" class=\"attachment-gallery size-gallery\" alt=\"La folie douce\" data-full-url=\"https:\/\/pokaa.fr\/wp-content\/uploads\/2024\/06\/11\/capture-decran-2024-06-11-234333.png\" decoding=\"async\" loading=\"lazy\"  \/>            <\/p>\n<p>                <img width=\"334\" height=\"500\" src=\"https:\/\/www.europesays.com\/fr\/wp-content\/uploads\/2025\/06\/capture-decran-2024-06-12-000828-334x500.png\" class=\"attachment-gallery size-gallery\" alt=\"Robin Leon\" data-full-url=\"https:\/\/pokaa.fr\/wp-content\/uploads\/2024\/06\/11\/capture-decran-2024-06-12-000828.png\" decoding=\"async\" loading=\"lazy\"  \/>            <\/p>\n<p>                <img width=\"745\" height=\"500\" src=\"https:\/\/www.europesays.com\/fr\/wp-content\/uploads\/2025\/06\/capture-decran-2024-06-11-235958-745x500.png\" class=\"attachment-gallery size-gallery\" alt=\"Dr Boost\" data-full-url=\"https:\/\/pokaa.fr\/wp-content\/uploads\/2024\/06\/11\/capture-decran-2024-06-11-235958.png\" decoding=\"async\" loading=\"lazy\"  \/>            <\/p>\n<p>                    1. \u00a9 La Folie Douce, 2. \u00a9 Robin Leon, 3. \u00a9 Dr Boost \/ Captures d&rsquo;\u00e9cran <\/p>\n<p>    <img width=\"800\" height=\"450\" src=\"https:\/\/www.europesays.com\/fr\/wp-content\/uploads\/2025\/06\/vents-dest-furdenheim-6-1-800x450.jpg\" class=\"attachment-image-size-L size-image-size-L\" alt=\"Vents d\u2019Est Furdenheim (6)\" decoding=\"async\" loading=\"lazy\"  \/>         \u00a9 Vents d&rsquo;Est \/ Document remis  <\/p>\n<p>Pendant la journ\u00e9e et d\u00e8s la nuit tomb\u00e9e, le village de Furdenheim sera lui aussi en f\u00eate, avec <strong>des expositions d\u2019art et d\u2019artisanat.<\/strong> De quoi patienter jusqu\u2019au grand final chaque soir, avec <strong>le feu d\u2019artifice pour repartir avec des paillettes plein la t\u00eate.\u00a0<\/strong><\/p>\n<p>Et <strong>si la faim s\u2019invite \u00e0 la partie<\/strong>, pas d\u2019inqui\u00e9tudes, tartes flamb\u00e9es, pizzas, bretzels, charcuterie, burgers ou encore frites seront au menu !<\/p>\n<p><strong>Pour en profiter, la billetterie, <a href=\"https:\/\/festival-ventsdest.fr\/accueil\/billeterie\/\" target=\"_blank\" rel=\"noopener nofollow\">c\u2019est par ici<\/a>\u00a0: alors, vous venez\u00a0?<\/strong><\/p>\n<p>    <img width=\"800\" height=\"534\" src=\"https:\/\/www.europesays.com\/fr\/wp-content\/uploads\/2025\/06\/vents-dest-furdenheim-14-1-800x534.jpg\" class=\"attachment-image-size-L size-image-size-L\" alt=\"Vents d\u2019Est Furdenheim (14)\" decoding=\"async\" loading=\"lazy\"  \/>         \u00a9 Vents d&rsquo;Est \/ Document remis  <\/p>\n<p>            Festival Vents d&rsquo;Est<\/p>\n<p>            Quoi ? <\/p>\n<p>Concerts th\u00e9matiques et feux d\u2019artifice<\/p>\n<p>                Quand ?<\/p>\n<p>Du 4 au 6 juillet<br \/>Vendredi : ouverture \u00e0 19h<br \/>Samedi et dimanche : ouverture \u00e0 18h<\/p>\n<p>            o\u00f9 ?<\/p>\n<p>Au pr\u00e9 de Furdenheim, \u00e0 20 minutes de Strasbourg<\/p>\n<p>                Plus d&rsquo;infos ?<\/p>\n<p><a href=\"https:\/\/festival-ventsdest.fr\/accueil\/\" target=\"_blank\" rel=\"noopener nofollow\">Site web du festival<\/a><\/p>\n<p><a href=\"https:\/\/festival-ventsdest.fr\/accueil\/billeterie\/\" target=\"_blank\" rel=\"noopener nofollow\">La billetterie<\/a><\/p>\n<p><a href=\"https:\/\/www.facebook.com\/festivalventsdest\/?locale=fr_FR\" target=\"_blank\" rel=\"noopener nofollow\">La page Facebook<\/a><\/p>\n<p>                <img width=\"750\" height=\"500\" src=\"https:\/\/www.europesays.com\/fr\/wp-content\/uploads\/2025\/06\/vents-dest-furdenheim-13-1-750x500.jpg\" class=\"attachment-gallery size-gallery\" alt=\"Vents d\u2019Est Furdenheim (13)\" data-full-url=\"https:\/\/pokaa.fr\/wp-content\/uploads\/2023\/06\/vents-dest-furdenheim-13-1.jpg\" decoding=\"async\" loading=\"lazy\"  \/>            <\/p>\n<p>                <img width=\"906\" height=\"500\" src=\"https:\/\/www.europesays.com\/fr\/wp-content\/uploads\/2025\/06\/vents-dest-furdenheim-2-1-906x500.jpg\" class=\"attachment-gallery size-gallery\" alt=\"Vents d\u2019Est Furdenheim (2)\" data-full-url=\"https:\/\/pokaa.fr\/wp-content\/uploads\/2023\/06\/vents-dest-furdenheim-2-1.jpg\" decoding=\"async\" loading=\"lazy\"  \/>            <\/p>\n<p>                    \u00a9 Vents d&rsquo;Est \/ Documents remis <\/p>\n","protected":false},"excerpt":{"rendered":"Accueil \/ Sorties \/ DJ sets, biergarten, feux d\u2019artifice : le festival Vents d\u2019Est revient \u00e0 20 minutes&hellip;\n","protected":false},"author":2,"featured_media":194600,"comment_status":"","ping_status":"","sticky":false,"template":"","format":"standard","meta":{"footnotes":""},"categories":[2820],"tags":[1111,11,33345,1777,674,33346,1011,27,30416,775,12,25,33347,640,33348],"class_list":{"0":"post-194599","1":"post","2":"type-post","3":"status-publish","4":"format-standard","5":"has-post-thumbnail","7":"category-strasbourg","8":"tag-actu","9":"tag-actualites","10":"tag-biergarten","11":"tag-eu","12":"tag-europe","13":"tag-folie-douce","14":"tag-fr","15":"tag-france","16":"tag-furdenheim","17":"tag-grand-est","18":"tag-news","19":"tag-republique-francaise","20":"tag-robin-leon","21":"tag-strasbourg","22":"tag-vents-dest"},"share_on_mastodon":{"url":"https:\/\/pubeurope.com\/@fr\/114724060008006536","error":""},"_links":{"self":[{"href":"https:\/\/www.europesays.com\/fr\/wp-json\/wp\/v2\/posts\/194599","targetHints":{"allow":["GET"]}}],"collection":[{"href":"https:\/\/www.europesays.com\/fr\/wp-json\/wp\/v2\/posts"}],"about":[{"href":"https:\/\/www.europesays.com\/fr\/wp-json\/wp\/v2\/types\/post"}],"author":[{"embeddable":true,"href":"https:\/\/www.europesays.com\/fr\/wp-json\/wp\/v2\/users\/2"}],"replies":[{"embeddable":true,"href":"https:\/\/www.europesays.com\/fr\/wp-json\/wp\/v2\/comments?post=194599"}],"version-history":[{"count":0,"href":"https:\/\/www.europesays.com\/fr\/wp-json\/wp\/v2\/posts\/194599\/revisions"}],"wp:featuredmedia":[{"embeddable":true,"href":"https:\/\/www.europesays.com\/fr\/wp-json\/wp\/v2\/media\/194600"}],"wp:attachment":[{"href":"https:\/\/www.europesays.com\/fr\/wp-json\/wp\/v2\/media?parent=194599"}],"wp:term":[{"taxonomy":"category","embeddable":true,"href":"https:\/\/www.europesays.com\/fr\/wp-json\/wp\/v2\/categories?post=194599"},{"taxonomy":"post_tag","embeddable":true,"href":"https:\/\/www.europesays.com\/fr\/wp-json\/wp\/v2\/tags?post=194599"}],"curies":[{"name":"wp","href":"https:\/\/api.w.org\/{rel}","templated":true}]}}