{"id":194601,"date":"2025-06-21T23:56:17","date_gmt":"2025-06-21T23:56:17","guid":{"rendered":"https:\/\/www.europesays.com\/fr\/194601\/"},"modified":"2025-06-21T23:56:17","modified_gmt":"2025-06-21T23:56:17","slug":"ils-ont-rendu-hommage-a-lartiste-ben-un-an-apres-son-deces-devant-la-statue-de-garibaldi-a-nice-2","status":"publish","type":"post","link":"https:\/\/www.europesays.com\/fr\/194601\/","title":{"rendered":"Ils ont rendu hommage \u00e0 l\u2019artiste Ben, un an apr\u00e8s son d\u00e9c\u00e8s, devant la statue de Garibaldi \u00e0 Nice"},"content":{"rendered":"<p>L\u2019association Republica de Nissa a choisi un 17 juin, jour de la f\u00eate nationale occitane, pour organiser cette c\u00e9r\u00e9monie sur la place Garibaldi. \u00ab\u00a0Ben \u00e9tait un militant de l\u2019occitan. C\u2019\u00e9tait symbolique d\u2019organiser ce rassemblement aujourd\u2019hui [ce mardi 17 juin, ndlr]\u00a0\u00bb, justifie Cristo\u00f9 d\u2019Aurore, pr\u00e9sident de l\u2019association et fervent d\u00e9fenseur de la culture nissarte. Pour rappel, <a href=\"https:\/\/www.nicematin.com\/faits-divers\/double-drame-arme-a-feu-enquete-ouverte-ce-que-l-on-sait-du-deces-de-l-artiste-ben-925649\" rel=\"nofollow noopener\" target=\"_blank\">Ben Vautier, dessinateur ni\u00e7ois, s\u2019est suicid\u00e9 le 5 juin 2024<\/a>, au lendemain de la mort d\u2019Annie, sa femme, des suites d\u2019un accident vasculaire c\u00e9r\u00e9bral.<\/p>\n<p>                                \u00ab\u00a0Ben \u00e9tait quelqu&rsquo;un d&rsquo;exceptionnel\u00a0\u00bb<\/p>\n<p>Ce mardi, les quelques participants ni\u00e7ois et occitans ont observ\u00e9 une minute de silence \u00e0 18h en sa m\u00e9moire avant d\u2019entonner l\u2019hymne occitan (Se canto), l\u2019hymne ni\u00e7ois (Nissa la Bella) et Bella Ciao (chanson ch\u00e8re au c\u0153ur d\u2019Annie Vautier). \u00ab\u00a0La fille de Ben, Eva, aurait d\u00fb \u00eatre l\u00e0. Mais elle \u00e9tait \u00e0 la maison de son p\u00e8re, \u00e0 Saint-Pancrace. C\u2019est elle qui l\u2019entretient\u00a0\u00bb, pr\u00e9cise Cristo\u00f9 d\u2019Aurore.<\/p>\n<p>Devant la fontaine et la statue de Garibaldi, France \u00e9tait fi\u00e8re d\u2019\u00eatre pr\u00e9sente. \u00ab\u00a0Ben \u00e9tait quelqu\u2019un d\u2019exceptionnel, comme sa femme. En tant que vraie Ni\u00e7oise et riveraine de la place Garibaldi, je me devais d\u2019\u00eatre l\u00e0\u00a0\u00bb, explique-t-elle.<\/p>\n","protected":false},"excerpt":{"rendered":"L\u2019association Republica de Nissa a choisi un 17 juin, jour de la f\u00eate nationale occitane, pour organiser cette&hellip;\n","protected":false},"author":2,"featured_media":184039,"comment_status":"","ping_status":"","sticky":false,"template":"","format":"standard","meta":{"footnotes":""},"categories":[2819],"tags":[1111,11,1348,251,1777,674,1011,27,937,12,2401,882,25],"class_list":{"0":"post-194601","1":"post","2":"type-post","3":"status-publish","4":"format-standard","5":"has-post-thumbnail","7":"category-nice","8":"tag-actu","9":"tag-actualites","10":"tag-arts","11":"tag-culture","12":"tag-eu","13":"tag-europe","14":"tag-fr","15":"tag-france","16":"tag-histoire","17":"tag-news","18":"tag-nice","19":"tag-provence-alpes-cote-dazur","20":"tag-republique-francaise"},"share_on_mastodon":{"url":"https:\/\/pubeurope.com\/@fr\/114724063509859455","error":""},"_links":{"self":[{"href":"https:\/\/www.europesays.com\/fr\/wp-json\/wp\/v2\/posts\/194601","targetHints":{"allow":["GET"]}}],"collection":[{"href":"https:\/\/www.europesays.com\/fr\/wp-json\/wp\/v2\/posts"}],"about":[{"href":"https:\/\/www.europesays.com\/fr\/wp-json\/wp\/v2\/types\/post"}],"author":[{"embeddable":true,"href":"https:\/\/www.europesays.com\/fr\/wp-json\/wp\/v2\/users\/2"}],"replies":[{"embeddable":true,"href":"https:\/\/www.europesays.com\/fr\/wp-json\/wp\/v2\/comments?post=194601"}],"version-history":[{"count":0,"href":"https:\/\/www.europesays.com\/fr\/wp-json\/wp\/v2\/posts\/194601\/revisions"}],"wp:featuredmedia":[{"embeddable":true,"href":"https:\/\/www.europesays.com\/fr\/wp-json\/wp\/v2\/media\/184039"}],"wp:attachment":[{"href":"https:\/\/www.europesays.com\/fr\/wp-json\/wp\/v2\/media?parent=194601"}],"wp:term":[{"taxonomy":"category","embeddable":true,"href":"https:\/\/www.europesays.com\/fr\/wp-json\/wp\/v2\/categories?post=194601"},{"taxonomy":"post_tag","embeddable":true,"href":"https:\/\/www.europesays.com\/fr\/wp-json\/wp\/v2\/tags?post=194601"}],"curies":[{"name":"wp","href":"https:\/\/api.w.org\/{rel}","templated":true}]}}