{"id":194605,"date":"2025-06-22T00:00:13","date_gmt":"2025-06-22T00:00:13","guid":{"rendered":"https:\/\/www.europesays.com\/fr\/194605\/"},"modified":"2025-06-22T00:00:13","modified_gmt":"2025-06-22T00:00:13","slug":"previsions-du-dimanche-22-juin-2025-3","status":"publish","type":"post","link":"https:\/\/www.europesays.com\/fr\/194605\/","title":{"rendered":"pr\u00e9visions du dimanche 22 juin 2025"},"content":{"rendered":"<p>C&rsquo;est un soleil splendide qui va se montrer aujourd&rsquo;hui sur Nantes. Les temp\u00e9ratures seront de 15\u00b0C au minimum et de 28\u00b0C au plus haut. Dans la matin\u00e9e, les temp\u00e9ratures seront de 22\u00b0C. Un vent de nord-ouest soufflera un peu, avec 11 km\/h. Un temps plus chaud est attendu l&rsquo;apr\u00e8s-midi \u00e9tant donn\u00e9 que le mercure va enregistrer une l\u00e9g\u00e8re augmentation. Les valeurs s&rsquo;\u00e9chelonneront entre 24 et 28\u00b0C. La ville sera touch\u00e9e par un vent d&rsquo;ouest de 25 km\/h. Il va faire 21\u00b0C en moyenne le soir. Pendant que vous dormirez, dans la nuit de dimanche \u00e0 lundi, le ciel sera clair.<\/p>\n<p>Demain, une diminution des temp\u00e9ratures est \u00e0 craindre \u00e0 Nantes. Les valeurs seront comprises entre 14 et 26\u00b0C. Une l\u00e9g\u00e8re brise d&rsquo;ouest sera ressentie par les habitants. Le soleil brillerait plus t\u00f4t dans la matin\u00e9e si des nuages ne g\u00eanaient pas sa venue. Des pluies \u00e9parses sont pr\u00e9vues. Demain apr\u00e8s-midi, un grand soleil rayonnera. L&rsquo;air ambiant va se r\u00e9chauffer avec une hausse de quelques degr\u00e9s. Les valeurs afficheront entre 23 et 26\u00b0C. Les temp\u00e9ratures avoisineront les 21\u00b0C dans la soir\u00e9e.<\/p>\n<p>Le temps des jours suivants va changer progressivement. La m\u00e9t\u00e9o se maintiendra mardi mais une d\u00e9gradation s&rsquo;ensuivra mercredi.<\/p>\n<p><\/p>\n","protected":false},"excerpt":{"rendered":"C&rsquo;est un soleil splendide qui va se montrer aujourd&rsquo;hui sur Nantes. Les temp\u00e9ratures seront de 15\u00b0C au minimum&hellip;\n","protected":false},"author":2,"featured_media":194606,"comment_status":"","ping_status":"","sticky":false,"template":"","format":"standard","meta":{"footnotes":""},"categories":[2818],"tags":[1111,11,1777,674,1011,27,3047,766,12,2636,2119,25],"class_list":{"0":"post-194605","1":"post","2":"type-post","3":"status-publish","4":"format-standard","5":"has-post-thumbnail","7":"category-nantes","8":"tag-actu","9":"tag-actualites","10":"tag-eu","11":"tag-europe","12":"tag-fr","13":"tag-france","14":"tag-loire-atlantique","15":"tag-nantes","16":"tag-news","17":"tag-pays-de-la-loire","18":"tag-previsions-meteo","19":"tag-republique-francaise"},"share_on_mastodon":{"url":"https:\/\/pubeurope.com\/@fr\/114724079070601997","error":""},"_links":{"self":[{"href":"https:\/\/www.europesays.com\/fr\/wp-json\/wp\/v2\/posts\/194605","targetHints":{"allow":["GET"]}}],"collection":[{"href":"https:\/\/www.europesays.com\/fr\/wp-json\/wp\/v2\/posts"}],"about":[{"href":"https:\/\/www.europesays.com\/fr\/wp-json\/wp\/v2\/types\/post"}],"author":[{"embeddable":true,"href":"https:\/\/www.europesays.com\/fr\/wp-json\/wp\/v2\/users\/2"}],"replies":[{"embeddable":true,"href":"https:\/\/www.europesays.com\/fr\/wp-json\/wp\/v2\/comments?post=194605"}],"version-history":[{"count":0,"href":"https:\/\/www.europesays.com\/fr\/wp-json\/wp\/v2\/posts\/194605\/revisions"}],"wp:featuredmedia":[{"embeddable":true,"href":"https:\/\/www.europesays.com\/fr\/wp-json\/wp\/v2\/media\/194606"}],"wp:attachment":[{"href":"https:\/\/www.europesays.com\/fr\/wp-json\/wp\/v2\/media?parent=194605"}],"wp:term":[{"taxonomy":"category","embeddable":true,"href":"https:\/\/www.europesays.com\/fr\/wp-json\/wp\/v2\/categories?post=194605"},{"taxonomy":"post_tag","embeddable":true,"href":"https:\/\/www.europesays.com\/fr\/wp-json\/wp\/v2\/tags?post=194605"}],"curies":[{"name":"wp","href":"https:\/\/api.w.org\/{rel}","templated":true}]}}