{"id":194607,"date":"2025-06-22T00:01:09","date_gmt":"2025-06-22T00:01:09","guid":{"rendered":"https:\/\/www.europesays.com\/fr\/194607\/"},"modified":"2025-06-22T00:01:09","modified_gmt":"2025-06-22T00:01:09","slug":"previsions-du-dimanche-22-juin-2025-4","status":"publish","type":"post","link":"https:\/\/www.europesays.com\/fr\/194607\/","title":{"rendered":"pr\u00e9visions du dimanche 22 juin 2025"},"content":{"rendered":"<p>Le soleil sera au rendez-vous \u00e0 Bordeaux : une belle journ\u00e9e se pr\u00e9sente ! Ce sera un bel \u00e9t\u00e9 : les temp\u00e9ratures seront comprises entre 18 et 31\u00b0C. Un vent de nord-ouest soufflera l\u00e9g\u00e8rement, avec 9 km\/h. Il va faire environ 25\u00b0C, le matin. L&rsquo;\u00e9t\u00e9 s&rsquo;installe ! Les temp\u00e9ratures vont grimper pendant l&rsquo;apr\u00e8s-midi de plusieurs degr\u00e9s. La ville va souffrir d&rsquo;importantes chaleurs avec des valeurs qui devraient monter jusqu&rsquo;\u00e0 31\u00b0C. La chaleur estivale sera bien l\u00e0 puisque les temp\u00e9ratures seront tout de m\u00eame de 29\u00b0C au plus bas et de 31\u00b0C au plus haut. Pendant que vous dormirez, dans la nuit de dimanche \u00e0 lundi, le ciel sera clair.<\/p>\n<p>Demain, les Bordelais comme les vacanciers vont pouvoir b\u00e9n\u00e9ficier d&rsquo;un soleil magnifique. Une chute des temp\u00e9ratures est attendue. Attention \u00e0 la vague de chaud. Des valeurs de 16 \u00e0 31\u00b0C sont pr\u00e9vues. Les temp\u00e9ratures s&rsquo;\u00e9chelonneront entre 16 et 31\u00b0C, un temps vraiment de saison. Un vent de nord-ouest rafra\u00eechira l\u00e9g\u00e8rement l&rsquo;atmosph\u00e8re. Les temp\u00e9ratures, plus estivales, vont conna\u00eetre une augmentation de plusieurs degr\u00e9s lors de l&rsquo;apr\u00e8s-midi. L&rsquo;\u00e9pisode de grosses chaleurs est bien l\u00e0, avec des valeurs qui pourront aller \u00e0 31\u00b0C. Les temp\u00e9ratures afficheront entre 29\u00b0C et 31\u00b0C, donnant \u00e0 la population l&rsquo;occasion de profiter de la saison estivale. Il fera 23\u00b0C en moyenne demain soir.<\/p>\n<p>Les jours s&rsquo;encha\u00eenent et ne changent pas. Une m\u00e9t\u00e9o ensoleill\u00e9e, pour des temp\u00e9ratures de 32\u00b0C en moyenne, est \u00e0 pr\u00e9voir.<\/p>\n<p><\/p>\n","protected":false},"excerpt":{"rendered":"Le soleil sera au rendez-vous \u00e0 Bordeaux : une belle journ\u00e9e se pr\u00e9sente ! Ce sera un bel&hellip;\n","protected":false},"author":2,"featured_media":194608,"comment_status":"","ping_status":"","sticky":false,"template":"","format":"standard","meta":{"footnotes":""},"categories":[2817],"tags":[1111,11,3177,1997,1777,674,1011,27,2905,12,2219,2119,25],"class_list":{"0":"post-194607","1":"post","2":"type-post","3":"status-publish","4":"format-standard","5":"has-post-thumbnail","7":"category-bordeaux","8":"tag-actu","9":"tag-actualites","10":"tag-aquitaine","11":"tag-bordeaux","12":"tag-eu","13":"tag-europe","14":"tag-fr","15":"tag-france","16":"tag-gironde","17":"tag-news","18":"tag-nouvelle-aquitaine","19":"tag-previsions-meteo","20":"tag-republique-francaise"},"share_on_mastodon":{"url":"https:\/\/pubeurope.com\/@fr\/114724083129303756","error":""},"_links":{"self":[{"href":"https:\/\/www.europesays.com\/fr\/wp-json\/wp\/v2\/posts\/194607","targetHints":{"allow":["GET"]}}],"collection":[{"href":"https:\/\/www.europesays.com\/fr\/wp-json\/wp\/v2\/posts"}],"about":[{"href":"https:\/\/www.europesays.com\/fr\/wp-json\/wp\/v2\/types\/post"}],"author":[{"embeddable":true,"href":"https:\/\/www.europesays.com\/fr\/wp-json\/wp\/v2\/users\/2"}],"replies":[{"embeddable":true,"href":"https:\/\/www.europesays.com\/fr\/wp-json\/wp\/v2\/comments?post=194607"}],"version-history":[{"count":0,"href":"https:\/\/www.europesays.com\/fr\/wp-json\/wp\/v2\/posts\/194607\/revisions"}],"wp:featuredmedia":[{"embeddable":true,"href":"https:\/\/www.europesays.com\/fr\/wp-json\/wp\/v2\/media\/194608"}],"wp:attachment":[{"href":"https:\/\/www.europesays.com\/fr\/wp-json\/wp\/v2\/media?parent=194607"}],"wp:term":[{"taxonomy":"category","embeddable":true,"href":"https:\/\/www.europesays.com\/fr\/wp-json\/wp\/v2\/categories?post=194607"},{"taxonomy":"post_tag","embeddable":true,"href":"https:\/\/www.europesays.com\/fr\/wp-json\/wp\/v2\/tags?post=194607"}],"curies":[{"name":"wp","href":"https:\/\/api.w.org\/{rel}","templated":true}]}}