{"id":194621,"date":"2025-06-22T00:14:09","date_gmt":"2025-06-22T00:14:09","guid":{"rendered":"https:\/\/www.europesays.com\/fr\/194621\/"},"modified":"2025-06-22T00:14:09","modified_gmt":"2025-06-22T00:14:09","slug":"previsions-du-dimanche-22-juin-2025-6","status":"publish","type":"post","link":"https:\/\/www.europesays.com\/fr\/194621\/","title":{"rendered":"pr\u00e9visions du dimanche 22 juin 2025"},"content":{"rendered":"<p>Aujourd&rsquo;hui, un important soleil rayonnera sur Lyon. Les maximales iront jusqu&rsquo;\u00e0 35\u00b0C tandis que les minimales seront de 19\u00b0C : c&rsquo;est donc un superbe \u00e9t\u00e9. Une modeste brise de sud-est sera ressentie par les habitants. La ville va conna\u00eetre, le matin, une vague de fortes chaleurs avec des valeurs qui rejoindront parfois les 32\u00b0C. Le temps va se r\u00e9chauffer l&rsquo;apr\u00e8s-midi avec une hausse de plusieurs degr\u00e9s pour un \u00e9t\u00e9 chaud. La ville va souffrir des grosses chaleurs avec des temp\u00e9ratures qui pourraient monter jusqu&rsquo;\u00e0 35\u00b0C. Il faudra pr\u00e9voir des perturbations le soir, les Lyonnais se retrouveront sous des pluies \u00e9parses. On anticipe des valeurs avoisinant 21\u00b0C. Le ciel sera clair dans la nuit de dimanche \u00e0 lundi.<\/p>\n<p>Demain, le mercure va descendre de quelques degr\u00e9s \u00e0 Lyon. Les temp\u00e9ratures \u00e9volueront entre 17 et 31\u2009\u00b0C. Les valeurs seront comprises entre 17 et 31\u00b0C, un temps r\u00e9solument de saison. Le soleil sera dominant, la promesse d&rsquo;une belle matin\u00e9e ! Un vent de nord rafra\u00eechira sensiblement l&rsquo;atmosph\u00e8re. La ville profitera de quelques \u00e9claircies demain apr\u00e8s-midi. L&rsquo;\u00e9t\u00e9 prend ses quartiers ! Les temp\u00e9ratures vont grimper de plusieurs degr\u00e9s. Les valeurs maximales pr\u00e9vues sont \u00e9lev\u00e9es, avec 31\u00b0C. Il va faire chaud avec des valeurs qui afficheront entre 29 et 31\u00b0C. Un vent de nord soufflera doucement dans la soir\u00e9e.<\/p>\n<p>Les jours s&rsquo;encha\u00eenent et se ressemblent. Des temp\u00e9ratures dans les 34\u00b0C accompagneront un ciel ensoleill\u00e9.<\/p>\n<p>Il est indispensable de veiller \u00e0 s&rsquo;hydrater correctement en p\u00e9riode de fortes chaleurs. Prenez soin d&rsquo;offrir \u00e0 boire aux tout-petits et aux personnes \u00e2g\u00e9es. Un brumisateur sera aussi votre alli\u00e9 au cours de ces fortes chaleurs !<\/p>\n","protected":false},"excerpt":{"rendered":"Aujourd&rsquo;hui, un important soleil rayonnera sur Lyon. Les maximales iront jusqu&rsquo;\u00e0 35\u00b0C tandis que les minimales seront de&hellip;\n","protected":false},"author":2,"featured_media":194622,"comment_status":"","ping_status":"","sticky":false,"template":"","format":"standard","meta":{"footnotes":""},"categories":[1889],"tags":[1111,11,2430,1777,674,1011,27,2428,12,2119,25,2429,2431],"class_list":{"0":"post-194621","1":"post","2":"type-post","3":"status-publish","4":"format-standard","5":"has-post-thumbnail","7":"category-lyon","8":"tag-actu","9":"tag-actualites","10":"tag-auvergne-rhone-alpes","11":"tag-eu","12":"tag-europe","13":"tag-fr","14":"tag-france","15":"tag-lyon","16":"tag-news","17":"tag-previsions-meteo","18":"tag-republique-francaise","19":"tag-rhone","20":"tag-rhone-alpes"},"share_on_mastodon":{"url":"https:\/\/pubeurope.com\/@fr\/114724134290756648","error":""},"_links":{"self":[{"href":"https:\/\/www.europesays.com\/fr\/wp-json\/wp\/v2\/posts\/194621","targetHints":{"allow":["GET"]}}],"collection":[{"href":"https:\/\/www.europesays.com\/fr\/wp-json\/wp\/v2\/posts"}],"about":[{"href":"https:\/\/www.europesays.com\/fr\/wp-json\/wp\/v2\/types\/post"}],"author":[{"embeddable":true,"href":"https:\/\/www.europesays.com\/fr\/wp-json\/wp\/v2\/users\/2"}],"replies":[{"embeddable":true,"href":"https:\/\/www.europesays.com\/fr\/wp-json\/wp\/v2\/comments?post=194621"}],"version-history":[{"count":0,"href":"https:\/\/www.europesays.com\/fr\/wp-json\/wp\/v2\/posts\/194621\/revisions"}],"wp:featuredmedia":[{"embeddable":true,"href":"https:\/\/www.europesays.com\/fr\/wp-json\/wp\/v2\/media\/194622"}],"wp:attachment":[{"href":"https:\/\/www.europesays.com\/fr\/wp-json\/wp\/v2\/media?parent=194621"}],"wp:term":[{"taxonomy":"category","embeddable":true,"href":"https:\/\/www.europesays.com\/fr\/wp-json\/wp\/v2\/categories?post=194621"},{"taxonomy":"post_tag","embeddable":true,"href":"https:\/\/www.europesays.com\/fr\/wp-json\/wp\/v2\/tags?post=194621"}],"curies":[{"name":"wp","href":"https:\/\/api.w.org\/{rel}","templated":true}]}}