{"id":194627,"date":"2025-06-22T00:18:14","date_gmt":"2025-06-22T00:18:14","guid":{"rendered":"https:\/\/www.europesays.com\/fr\/194627\/"},"modified":"2025-06-22T00:18:14","modified_gmt":"2025-06-22T00:18:14","slug":"fuite-massive-de-donnees-google-facebook-ou-apple-vos-identifiants-font-ils-partie-des-16-milliards-en-ligne","status":"publish","type":"post","link":"https:\/\/www.europesays.com\/fr\/194627\/","title":{"rendered":"Fuite massive de donn\u00e9es Google, Facebook ou Apple\u00a0: vos identifiants font-ils partie des 16\u00a0milliards en ligne\u00a0?"},"content":{"rendered":"<p class=\"paragraph text_align_left lp-f-body-02\">Les chiffres sont faramineux. Plus de 16\u00a0milliards d\u2019identifiants et de mots de passe ont \u00e9t\u00e9 d\u00e9rob\u00e9s directement depuis des ordinateurs infect\u00e9s, a r\u00e9v\u00e9l\u00e9 jeudi le m\u00e9dia sp\u00e9cialis\u00e9 en cybers\u00e9curit\u00e9 <a href=\"https:\/\/cybernews.com\/security\/billions-credentials-exposed-infostealers-data-leak\/\" target=\"_blank\" rel=\"noreferrer nofollow noopener\">Cybernews<\/a>, et sont d\u00e9sormais accessibles en ligne. Il ne s\u2019agit pas d\u2019une nouvelle fuite de donn\u00e9es, mais d\u2019un regroupement de donn\u00e9es issues de pr\u00e9c\u00e9dentes violations.<\/p>\n<p class=\"paragraph text_align_left lp-f-body-02\">Acc\u00e8s au compte Google, Apple ID, Facebook\u2026 La pr\u00e9sence d\u2019une base aussi importante en ligne peut faciliter le travail des hackers. \u00ab\u00a0Avec plus de 16\u00a0milliards de combinaisons de connexion expos\u00e9es, les cybercriminels disposent d\u2019un acc\u00e8s sans pr\u00e9c\u00e9dent \u00e0 des identifiants personnels, exploitables pour des prises de contr\u00f4le de comptes, des usurpations d\u2019identit\u00e9 et du <a href=\"https:\/\/www.leparisien.fr\/high-tech\/cybersecurite-faux-conseiller-bancaire-phishing-et-piratage-de-comptes-ont-fait-des-ravages-en-2023-05-03-2024-EZMTFUYLLRDQHCSJ2UPOBYDBPY.php\" target=\"_self\" rel=\"nofollow noopener\">phishing ultra-cibl\u00e9<\/a>\u00a0\u00bb, note Cybernews.<\/p>\n<p class=\"paragraph text_align_left lp-f-body-02\">Le danger est d\u2019autant plus grand que de nombreuses personnes utilisent encore les m\u00eames mots de passe sur plusieurs plates-formes.<\/p>\n<p>Comment r\u00e9agir en cas de doute\u00a0?<\/p>\n<p class=\"paragraph text_align_left lp-f-body-02\">Des services comme F-Secure ou <a href=\"https:\/\/haveibeenpwned.com\/\" target=\"_self\" rel=\"nofollow noopener\">Have I Been Pwned<\/a> proposent de v\u00e9rifier si vos donn\u00e9es personnelles ont \u00e9t\u00e9 compromises. Pour cela, il suffit d\u2019entrer votre adresse mail ou votre num\u00e9ro de t\u00e9l\u00e9phone. Le site, qui n\u2019int\u00e8gre pas encore la fuite r\u00e9cente, vous indique ensuite si cette information figure dans une fuite de donn\u00e9es connue et document\u00e9e. Il ne montre jamais le mot de passe compromis, mais pr\u00e9cise le nom du service pirat\u00e9, la date de la fuite et le type de donn\u00e9es concern\u00e9es.<\/p>\n<p class=\"paragraph text_align_left lp-f-body-02\">Mais la Commission nationale de l\u2019informatique et des libert\u00e9s (CNIL), qui pr\u00e9f\u00e8re opter pour la prudence, <a href=\"https:\/\/www.cnil.fr\/fr\/exposition-de-16-milliards-didentifiants-et-des-mots-de-passe-que-faire\" target=\"_self\" rel=\"nofollow noopener\">d\u00e9conseille<\/a> d\u2019utiliser les sites web qui \u00ab\u00a0indiquent d\u00e9tenir les donn\u00e9es et pouvoir vous dire si vous \u00eates ou non concern\u00e9(e)\u00a0\u00bb.<\/p>\n<p class=\"paragraph text_align_left lp-f-body-02\">Pour limiter les risques, l\u2019autorit\u00e9 invite \u00e0 surveiller l\u2019activit\u00e9 des comptes les plus importants, comme la messagerie, les espaces personnels sur des sites publics, les r\u00e9seaux sociaux ou les sites d\u2019e-commerce. La plupart de ces services envoient des mails d\u2019avertissement en cas de connexions inhabituelles ou de changement de mot de passe, d\u2019adresse et de RIB.<\/p>\n<p class=\"paragraph text_align_left lp-f-body-02\">En cas de doute, il est recommand\u00e9 de changer ses mots de passe en priorisant les services les plus importants (mail, compte bancaire etc.), surtout si vous les avez r\u00e9utilis\u00e9s. \u00ab\u00a0\u00c9vitez d\u2019utiliser le m\u00eame mot de passe pour diff\u00e9rents services et conservez-les dans un gestionnaire de mots de passe\u00a0\u00bb, conseille l\u2019autorit\u00e9 fran\u00e7aise de protection des donn\u00e9es, qui souligne \u00e9galement l\u2019importance de l\u2019authentification multifacteur partout o\u00f9 c\u2019est possible.<\/p>\n","protected":false},"excerpt":{"rendered":"Les chiffres sont faramineux. Plus de 16\u00a0milliards d\u2019identifiants et de mots de passe ont \u00e9t\u00e9 d\u00e9rob\u00e9s directement depuis&hellip;\n","protected":false},"author":2,"featured_media":194628,"comment_status":"","ping_status":"","sticky":false,"template":"","format":"standard","meta":{"footnotes":""},"categories":[1888],"tags":[1111,1928,11,1927,1777,674,1011,27,142,12,1926,626,1925,25],"class_list":{"0":"post-194627","1":"post","2":"type-post","3":"status-publish","4":"format-standard","5":"has-post-thumbnail","7":"category-paris","8":"tag-actu","9":"tag-actu-paris","10":"tag-actualites","11":"tag-actualites-paris","12":"tag-eu","13":"tag-europe","14":"tag-fr","15":"tag-france","16":"tag-high-tech","17":"tag-news","18":"tag-news-paris","19":"tag-paris","20":"tag-paris-news","21":"tag-republique-francaise"},"share_on_mastodon":{"url":"https:\/\/pubeurope.com\/@fr\/114724150017976074","error":""},"_links":{"self":[{"href":"https:\/\/www.europesays.com\/fr\/wp-json\/wp\/v2\/posts\/194627","targetHints":{"allow":["GET"]}}],"collection":[{"href":"https:\/\/www.europesays.com\/fr\/wp-json\/wp\/v2\/posts"}],"about":[{"href":"https:\/\/www.europesays.com\/fr\/wp-json\/wp\/v2\/types\/post"}],"author":[{"embeddable":true,"href":"https:\/\/www.europesays.com\/fr\/wp-json\/wp\/v2\/users\/2"}],"replies":[{"embeddable":true,"href":"https:\/\/www.europesays.com\/fr\/wp-json\/wp\/v2\/comments?post=194627"}],"version-history":[{"count":0,"href":"https:\/\/www.europesays.com\/fr\/wp-json\/wp\/v2\/posts\/194627\/revisions"}],"wp:featuredmedia":[{"embeddable":true,"href":"https:\/\/www.europesays.com\/fr\/wp-json\/wp\/v2\/media\/194628"}],"wp:attachment":[{"href":"https:\/\/www.europesays.com\/fr\/wp-json\/wp\/v2\/media?parent=194627"}],"wp:term":[{"taxonomy":"category","embeddable":true,"href":"https:\/\/www.europesays.com\/fr\/wp-json\/wp\/v2\/categories?post=194627"},{"taxonomy":"post_tag","embeddable":true,"href":"https:\/\/www.europesays.com\/fr\/wp-json\/wp\/v2\/tags?post=194627"}],"curies":[{"name":"wp","href":"https:\/\/api.w.org\/{rel}","templated":true}]}}