{"id":194629,"date":"2025-06-22T00:19:24","date_gmt":"2025-06-22T00:19:24","guid":{"rendered":"https:\/\/www.europesays.com\/fr\/194629\/"},"modified":"2025-06-22T00:19:24","modified_gmt":"2025-06-22T00:19:24","slug":"artistes-horaires-mesures-de-securite-tout-ce-quil-faut-savoir-sur-le-retour-de-la-vasque-aux-tuileries-ce-samedi-liberation","status":"publish","type":"post","link":"https:\/\/www.europesays.com\/fr\/194629\/","title":{"rendered":"Artistes, horaires, mesures de s\u00e9curit\u00e9&#8230; tout ce qu\u2019il faut savoir sur le retour de la vasque aux Tuileries ce samedi \u2013 Lib\u00e9ration"},"content":{"rendered":"<p class=\"sc-ksZaOG ehjQrN text-element\">Quarante ans apr\u00e8s sa sortie, Sauver l\u2019amour, sign\u00e9 d\u2019une des figures de la chanson fran\u00e7aise, s\u2019appr\u00eate \u00e0 rena\u00eetre dans une version \u00e9lectro concoct\u00e9e par le compositeur Victor le Masne, directeur musical des c\u00e9r\u00e9monies des Jeux de Paris. Cette chanson, destin\u00e9e \u00e9galement aux plateformes de streaming, doit accompagner la <a href=\"https:\/\/www.liberation.fr\/sports\/jeux-olympiques\/jeux-olympiques-emmanuel-macron-annonce-le-retour-de-la-vasque-lete-a-paris-20250131_3VVZQLDMAVDU7HIY2UOQOTKPGI\/\" target=\"_blank\" rel=\"noopener\" title=\"https:\/\/www.liberation.fr\/sports\/jeux-olympiques\/jeux-olympiques-emmanuel-macron-annonce-le-retour-de-la-vasque-lete-a-paris-20250131_3VVZQLDMAVDU7HIY2UOQOTKPGI\/\">premi\u00e8re \u00e9l\u00e9vation de la vasque<\/a>, pr\u00e9vue chaque soir jusqu\u2019au 14 septembre aux Tuileries.<\/p>\n<p class=\"sc-ksZaOG ehjQrN text-element\">Le concert, qui d\u00e9marrera \u00e0 21 heures dans les jardins du Louvre, r\u00e9unit 21 artistes dont Abd al Malik, Alex Montembault (Starmania), Bernard Lavilliers, Jeanne Added, Kalash, le groupe La Femme ou encore les jeunes talents Solann, Max Baby et Marine, gagnante de la derni\u00e8re saison de la Star Academy. La programmation inclut aussi des artistes \u00e0 l\u2019\u00e9cho international, comme la chanteuse Camille, oscaris\u00e9e avec son partenaire Cl\u00e9ment Ducol pour la musique du film <a href=\"https:\/\/www.liberation.fr\/culture\/cinema\/avec-emilia-perez-jacques-audiard-est-a-feu-et-a-chant-20240820_APOTIDG3DJHDFPUD4AK7CZQY5A\/\" target=\"_blank\" rel=\"noopener\" title=\"https:\/\/www.liberation.fr\/culture\/cinema\/avec-emilia-perez-jacques-audiard-est-a-feu-et-a-chant-20240820_APOTIDG3DJHDFPUD4AK7CZQY5A\/\">Emilia Perez de Jacques Audiard<\/a>, Christine and The Queens, projet artistique de <a href=\"https:\/\/www.liberation.fr\/culture\/musique\/christine-and-the-queens-jai-voulu-reaffirmer-une-fantaisie-non-negociable-20230609_TZ52ZIWJ7VFYNAATZ3KGRKQPFM\/\" target=\"_blank\" rel=\"noopener\" title=\"https:\/\/www.liberation.fr\/culture\/musique\/christine-and-the-queens-jai-voulu-reaffirmer-une-fantaisie-non-negociable-20230609_TZ52ZIWJ7VFYNAATZ3KGRKQPFM\/\">Rahim Redcar<\/a> qui a s\u00e9duit le public am\u00e9ricain, ou le trio de DJs Major Lazer, avec leur carton plan\u00e9taire Lean on.<\/p>\n<p class=\"sc-ksZaOG ehjQrN text-element\">Environ 35 000 spectateurs sont attendus \u00e0 l\u2019\u00e9v\u00e8nement, diffus\u00e9 sur France 2, alors que <a href=\"https:\/\/www.liberation.fr\/environnement\/climat\/premiere-vague-de-chaleur-de-2025-louest-de-la-france-en-alerte-orange-20250620_TOFVRMGJ3BCWFCK2ELNA2ZODII\/\" target=\"_blank\" rel=\"noopener\" title=\"https:\/\/www.liberation.fr\/environnement\/climat\/premiere-vague-de-chaleur-de-2025-louest-de-la-france-en-alerte-orange-20250620_TOFVRMGJ3BCWFCK2ELNA2ZODII\/\">la vague de chaleur<\/a> que traverse la France doit atteindre son pic samedi d\u2019apr\u00e8s M\u00e9t\u00e9o France, avec des temp\u00e9ratures sup\u00e9rieures \u00e0 35 \u00b0C.<\/p>\n<p class=\"sc-ksZaOG ehjQrN text-element\">Le ministre de l\u2019Int\u00e9rieur Bruno Retailleau a de son c\u00f4t\u00e9 demand\u00e9 aux pr\u00e9fets, dans tout le pays, de maintenir \u00abune extr\u00eame vigilance\u00bb, en raison du \u00abniveau tr\u00e8s \u00e9lev\u00e9 de la menace terroriste\u00bb et des risques de d\u00e9bordements.<\/p>\n<p class=\"sc-ksZaOG ehjQrN text-element\">Cette ann\u00e9e, la F\u00eate de la musique semble susciter un engouement particulier sur les r\u00e9seaux sociaux aupr\u00e8s des touristes internationaux, notamment britanniques. Nombre d\u2019entre eux expliquent dans des vid\u00e9os sur la plateforme TikTok vouloir se rendre \u00e0 Paris pour l\u2019\u00e9v\u00e8nement, per\u00e7u comme \u00abthe place to be\u00bb. \u00abQue \u00e7a vous plaise ou non, on arrive\u00bb, s\u2019exclame ainsi l\u2019influenceur britannique aux 161 000 abonn\u00e9s Andrew Ola.<\/p>\n<p class=\"sc-ksZaOG ehjQrN text-element\">Inspir\u00e9 de la phrase de Victor Hugo, \u00abLa musique, c\u2019est du bruit qui pense\u00bb, le concert parisien entend c\u00e9l\u00e9brer \u00ables plus beaux morceaux du r\u00e9pertoire de ces 40 derni\u00e8res ann\u00e9es [\u2026] pour porter un message de paix\u00bb, a annonc\u00e9 le minist\u00e8re de la Culture. The Partisan de Leonard Cohen, What\u2019s going on de Marvin Gaye ou encore Redemption Song de Bob Marley font partie de cette liste, clin d\u2019\u0153il aux \u00abprotest songs\u00bb, morceaux contestataires aux accents soci\u00e9taux ou politiques.<\/p>\n<p class=\"sc-ksZaOG ehjQrN text-element\">Cet \u00e9v\u00e9nement cl\u00f4t la premi\u00e8re France Music Week, semaine internationale de promotion de la fili\u00e8re musicale fran\u00e7aise. D\u2019un co\u00fbt global de 7 millions d\u2019euros, elle a associ\u00e9 depuis lundi conf\u00e9rences, d\u00e9monstrations et concerts d\u2019artistes \u00e9mergents, dans le but de promouvoir \u00abla richesse de la cr\u00e9ation musicale\u00bb tricolore. L\u2019Etat s\u2019est \u00e9galement engag\u00e9 \u00e0 financer, \u00e0 travers la banque publique d\u2019investissement Bpifrance, les entreprises de la fili\u00e8re \u00e0 hauteur de 500 millions d\u2019euros d\u2019ici \u00e0 2030, notamment pour accompagner des projets de d\u00e9veloppement \u00e0 l\u2019international ou des rachats d\u2019actifs.<\/p>\n","protected":false},"excerpt":{"rendered":"Quarante ans apr\u00e8s sa sortie, Sauver l\u2019amour, sign\u00e9 d\u2019une des figures de la chanson fran\u00e7aise, s\u2019appr\u00eate \u00e0 rena\u00eetre&hellip;\n","protected":false},"author":2,"featured_media":194630,"comment_status":"","ping_status":"","sticky":false,"template":"","format":"standard","meta":{"footnotes":""},"categories":[1888],"tags":[1111,1928,11,1927,1777,674,1011,27,7941,12,1926,626,1925,25],"class_list":{"0":"post-194629","1":"post","2":"type-post","3":"status-publish","4":"format-standard","5":"has-post-thumbnail","7":"category-paris","8":"tag-actu","9":"tag-actu-paris","10":"tag-actualites","11":"tag-actualites-paris","12":"tag-eu","13":"tag-europe","14":"tag-fr","15":"tag-france","16":"tag-jo-paris-2024","17":"tag-news","18":"tag-news-paris","19":"tag-paris","20":"tag-paris-news","21":"tag-republique-francaise"},"share_on_mastodon":{"url":"https:\/\/pubeurope.com\/@fr\/114724153807922977","error":""},"_links":{"self":[{"href":"https:\/\/www.europesays.com\/fr\/wp-json\/wp\/v2\/posts\/194629","targetHints":{"allow":["GET"]}}],"collection":[{"href":"https:\/\/www.europesays.com\/fr\/wp-json\/wp\/v2\/posts"}],"about":[{"href":"https:\/\/www.europesays.com\/fr\/wp-json\/wp\/v2\/types\/post"}],"author":[{"embeddable":true,"href":"https:\/\/www.europesays.com\/fr\/wp-json\/wp\/v2\/users\/2"}],"replies":[{"embeddable":true,"href":"https:\/\/www.europesays.com\/fr\/wp-json\/wp\/v2\/comments?post=194629"}],"version-history":[{"count":0,"href":"https:\/\/www.europesays.com\/fr\/wp-json\/wp\/v2\/posts\/194629\/revisions"}],"wp:featuredmedia":[{"embeddable":true,"href":"https:\/\/www.europesays.com\/fr\/wp-json\/wp\/v2\/media\/194630"}],"wp:attachment":[{"href":"https:\/\/www.europesays.com\/fr\/wp-json\/wp\/v2\/media?parent=194629"}],"wp:term":[{"taxonomy":"category","embeddable":true,"href":"https:\/\/www.europesays.com\/fr\/wp-json\/wp\/v2\/categories?post=194629"},{"taxonomy":"post_tag","embeddable":true,"href":"https:\/\/www.europesays.com\/fr\/wp-json\/wp\/v2\/tags?post=194629"}],"curies":[{"name":"wp","href":"https:\/\/api.w.org\/{rel}","templated":true}]}}