{"id":194631,"date":"2025-06-22T00:20:11","date_gmt":"2025-06-22T00:20:11","guid":{"rendered":"https:\/\/www.europesays.com\/fr\/194631\/"},"modified":"2025-06-22T00:20:11","modified_gmt":"2025-06-22T00:20:11","slug":"previsions-du-dimanche-22-juin-2025-7","status":"publish","type":"post","link":"https:\/\/www.europesays.com\/fr\/194631\/","title":{"rendered":"pr\u00e9visions du dimanche 22 juin 2025"},"content":{"rendered":"<p>Aujourd&rsquo;hui, les Parisiens vont pouvoir profiter d&rsquo;un soleil magnifique. Les temp\u00e9ratures seront comprises entre 21\u00b0C et 32\u00b0C, donnant aux habitants l&rsquo;occasion d&rsquo;appr\u00e9cier la belle saison. Le matin, le mercure affichera 24\u00b0C en moyenne. Une l\u00e9g\u00e8re brise de nord-ouest soufflera. Les temp\u00e9ratures vont conna\u00eetre une hausse de plusieurs degr\u00e9s dans l&rsquo;apr\u00e8s-midi. Les vacanciers comme les locaux pourront enfiler sandales et chapeau. L&rsquo;\u00e9pisode de grosses chaleurs est bien l\u00e0, avec des valeurs qui pourront monter \u00e0 32\u00b0C. La soir\u00e9e va \u00eatre vraiment chaude : jusqu&rsquo;\u00e0 30\u00b0C. Les temp\u00e9ratures seront de 27\u00b0C. Le ciel sera limpide dans la nuit de dimanche \u00e0 lundi.<\/p>\n<p>Demain, le mercure va descendre de plusieurs degr\u00e9s \u00e0 Paris. Les valeurs s&rsquo;\u00e9chelonneront entre 16 et 26\u00b0C, un temps bel et bien de saison. Un vent de nord-ouest rafra\u00eechira sensiblement l&rsquo;atmosph\u00e8re. La ville aura quelques \u00e9claircies le matin. On anticipe des temp\u00e9ratures avoisinant 21\u00b0C. Un superbe soleil va briller et ce, tout au long de l&rsquo;apr\u00e8s-midi. C&rsquo;est une hausse de quelques degr\u00e9s que vont enregistrer les temp\u00e9ratures pour un climat de plus en plus estival. La chaleur estivale sera bien au rendez-vous puisque les valeurs seront quand m\u00eame de 23\u00b0C au plus bas et de 26\u00b0C au maximum.<\/p>\n<p>Le temps des journ\u00e9es qui suivent va changer peu \u00e0 peu. Apr\u00e8s un temps stable mardi, la situation changera mercredi.<\/p>\n<p>La vague de chaleur actuelle exige des dispositions suppl\u00e9mentaires, notamment vis-\u00e0-vis des plus fragiles, comme les personnes \u00e2g\u00e9es et les enfants. N&rsquo;h\u00e9sitez pas \u00e0 vous tenir inform\u00e9s de l&rsquo;\u00e9volution des conditions climatiques.<\/p>\n","protected":false},"excerpt":{"rendered":"Aujourd&rsquo;hui, les Parisiens vont pouvoir profiter d&rsquo;un soleil magnifique. Les temp\u00e9ratures seront comprises entre 21\u00b0C et 32\u00b0C, donnant&hellip;\n","protected":false},"author":2,"featured_media":194632,"comment_status":"","ping_status":"","sticky":false,"template":"","format":"standard","meta":{"footnotes":""},"categories":[1888],"tags":[11,1777,674,1011,27,662,12,626,2119,25],"class_list":{"0":"post-194631","1":"post","2":"type-post","3":"status-publish","4":"format-standard","5":"has-post-thumbnail","7":"category-paris","8":"tag-actualites","9":"tag-eu","10":"tag-europe","11":"tag-fr","12":"tag-france","13":"tag-ile-de-france","14":"tag-news","15":"tag-paris","16":"tag-previsions-meteo","17":"tag-republique-francaise"},"share_on_mastodon":{"url":"https:\/\/pubeurope.com\/@fr\/114724157705903246","error":""},"_links":{"self":[{"href":"https:\/\/www.europesays.com\/fr\/wp-json\/wp\/v2\/posts\/194631","targetHints":{"allow":["GET"]}}],"collection":[{"href":"https:\/\/www.europesays.com\/fr\/wp-json\/wp\/v2\/posts"}],"about":[{"href":"https:\/\/www.europesays.com\/fr\/wp-json\/wp\/v2\/types\/post"}],"author":[{"embeddable":true,"href":"https:\/\/www.europesays.com\/fr\/wp-json\/wp\/v2\/users\/2"}],"replies":[{"embeddable":true,"href":"https:\/\/www.europesays.com\/fr\/wp-json\/wp\/v2\/comments?post=194631"}],"version-history":[{"count":0,"href":"https:\/\/www.europesays.com\/fr\/wp-json\/wp\/v2\/posts\/194631\/revisions"}],"wp:featuredmedia":[{"embeddable":true,"href":"https:\/\/www.europesays.com\/fr\/wp-json\/wp\/v2\/media\/194632"}],"wp:attachment":[{"href":"https:\/\/www.europesays.com\/fr\/wp-json\/wp\/v2\/media?parent=194631"}],"wp:term":[{"taxonomy":"category","embeddable":true,"href":"https:\/\/www.europesays.com\/fr\/wp-json\/wp\/v2\/categories?post=194631"},{"taxonomy":"post_tag","embeddable":true,"href":"https:\/\/www.europesays.com\/fr\/wp-json\/wp\/v2\/tags?post=194631"}],"curies":[{"name":"wp","href":"https:\/\/api.w.org\/{rel}","templated":true}]}}