{"id":194639,"date":"2025-06-22T00:24:10","date_gmt":"2025-06-22T00:24:10","guid":{"rendered":"https:\/\/www.europesays.com\/fr\/194639\/"},"modified":"2025-06-22T00:24:10","modified_gmt":"2025-06-22T00:24:10","slug":"trump-annonce-que-les-etats-unis-ont-mene-une-attaque-tres-reussie-sur-trois-sites-nucleaires-iraniens","status":"publish","type":"post","link":"https:\/\/www.europesays.com\/fr\/194639\/","title":{"rendered":"Trump annonce que les \u00c9tats-Unis ont men\u00e9 une attaque \u00abtr\u00e8s r\u00e9ussie\u00bb sur trois sites nucl\u00e9aires iraniens"},"content":{"rendered":"<p>Les bombardiers am\u00e9ricains B-2, dont le d\u00e9placement avait \u00e9t\u00e9 rapport\u00e9 plus t\u00f4t dans la journ\u00e9e, ont bien particip\u00e9 aux frappes sur les sites nucl\u00e9aires iraniens.<\/p>\n<p class=\"fig-paragraph\"><a href=\"http:\/\/www.lefigaro.fr\/international\/dossier\/donald-trump-investi-47e-president-des-etats-unis-notre-dossier-pour-tout-comprendre\" data-fig-type=\"Topic\" data-gtm-custom-categorie=\"navigation\" data-gtm-custom-action=\"crossclick\" data-gtm-custom-label=\"Contextuel\" data-gtm-event=\"customEventSPE\" data-fig-domain=\"LEFIGARO\" target=\"_blank\" rel=\"noopener\">Donald Trump<\/a>\u00a0a d\u00e9clar\u00e9 dans la nuit de samedi \u00e0 dimanche qu\u2019une \u00abattaque tr\u00e8s r\u00e9ussie\u00bb avait \u00e9t\u00e9 men\u00e9e contre trois sites nucl\u00e9aires en Iran, notamment \u00e0 Fordow.\u00a0Dans un message publi\u00e9 sur Truth Social, le pr\u00e9sident am\u00e9ricain a ajout\u00e9 que \u00abtous les avions sont rentr\u00e9s chez eux en toute s\u00e9curit\u00e9\u00bb et a f\u00e9licit\u00e9 \u00abnos grands guerriers am\u00e9ricains\u00bb. Donald Trump a ajout\u00e9\u00a0: \u00abL\u2019heure de la paix a sonn\u00e9\u00bb.<\/p>\n<p class=\"fig-paragraph\">Les\u00a0<a href=\"http:\/\/www.lefigaro.fr\/international\/furtivite-endurance-anti-bunker-les-bombardiers-b-2-americains-armes-fatales-contre-le-nucleaire-iranien-20250621\" data-fig-type=\"Article\" data-gtm-custom-categorie=\"navigation\" data-gtm-custom-action=\"crossclick\" data-gtm-custom-label=\"Contextuel\" data-gtm-event=\"customEventSPE\" data-fig-domain=\"LEFIGARO\" target=\"_blank\" rel=\"noopener\">bombardiers am\u00e9ricains B-2<\/a>, dont le d\u00e9placement avait \u00e9t\u00e9 rapport\u00e9 plus t\u00f4t dans la journ\u00e9e, ont bien particip\u00e9 aux frappes sur les sites nucl\u00e9aires iraniens annonc\u00e9es par le pr\u00e9sident Donald Trump, selon un responsable am\u00e9ricain sous couvert d\u2019anonymat. Pour rappel, ces bombardiers B-2 peuvent transporter des bombes massives.<\/p>\n<p class=\"fig-paragraph\"><strong>Plus d\u2019informations \u00e0 venir&#8230;<\/strong><\/p>\n","protected":false},"excerpt":{"rendered":"Les bombardiers am\u00e9ricains B-2, dont le d\u00e9placement avait \u00e9t\u00e9 rapport\u00e9 plus t\u00f4t dans la journ\u00e9e, ont bien particip\u00e9&hellip;\n","protected":false},"author":2,"featured_media":194640,"comment_status":"","ping_status":"","sticky":false,"template":"","format":"standard","meta":{"footnotes":""},"categories":[1589],"tags":[259,11,260,75,73,1866,14,3019,261,12,262,1864,1865,1863,308],"class_list":{"0":"post-194639","1":"post","2":"type-post","3":"status-publish","4":"format-standard","5":"has-post-thumbnail","7":"category-etats-unis","8":"tag-actualite-internationale","9":"tag-actualites","10":"tag-affaires-etrangeres","11":"tag-donald-trump","12":"tag-etats-unis","13":"tag-etats-unis-damerique","14":"tag-international","15":"tag-iran","16":"tag-ministere-des-affaires-etrangeres","17":"tag-news","18":"tag-politique-etrangere","19":"tag-united-states","20":"tag-united-states-of-america","21":"tag-us","22":"tag-usa"},"share_on_mastodon":{"url":"https:\/\/pubeurope.com\/@fr\/114724173536499094","error":""},"_links":{"self":[{"href":"https:\/\/www.europesays.com\/fr\/wp-json\/wp\/v2\/posts\/194639","targetHints":{"allow":["GET"]}}],"collection":[{"href":"https:\/\/www.europesays.com\/fr\/wp-json\/wp\/v2\/posts"}],"about":[{"href":"https:\/\/www.europesays.com\/fr\/wp-json\/wp\/v2\/types\/post"}],"author":[{"embeddable":true,"href":"https:\/\/www.europesays.com\/fr\/wp-json\/wp\/v2\/users\/2"}],"replies":[{"embeddable":true,"href":"https:\/\/www.europesays.com\/fr\/wp-json\/wp\/v2\/comments?post=194639"}],"version-history":[{"count":0,"href":"https:\/\/www.europesays.com\/fr\/wp-json\/wp\/v2\/posts\/194639\/revisions"}],"wp:featuredmedia":[{"embeddable":true,"href":"https:\/\/www.europesays.com\/fr\/wp-json\/wp\/v2\/media\/194640"}],"wp:attachment":[{"href":"https:\/\/www.europesays.com\/fr\/wp-json\/wp\/v2\/media?parent=194639"}],"wp:term":[{"taxonomy":"category","embeddable":true,"href":"https:\/\/www.europesays.com\/fr\/wp-json\/wp\/v2\/categories?post=194639"},{"taxonomy":"post_tag","embeddable":true,"href":"https:\/\/www.europesays.com\/fr\/wp-json\/wp\/v2\/tags?post=194639"}],"curies":[{"name":"wp","href":"https:\/\/api.w.org\/{rel}","templated":true}]}}