{"id":194643,"date":"2025-06-22T00:26:25","date_gmt":"2025-06-22T00:26:25","guid":{"rendered":"https:\/\/www.europesays.com\/fr\/194643\/"},"modified":"2025-06-22T00:26:25","modified_gmt":"2025-06-22T00:26:25","slug":"le-choc-de-la-realite-industrielle","status":"publish","type":"post","link":"https:\/\/www.europesays.com\/fr\/194643\/","title":{"rendered":"le choc de la r\u00e9alit\u00e9 industrielle"},"content":{"rendered":"<p>Le 19 juin 2025, le groupe ArcelorMittal a confirm\u00e9 l\u2019abandon d\u2019un programme majeur de d\u00e9carbonation de ses sites sid\u00e9rurgiques allemands. Cette annonce illustre de mani\u00e8re exemplaire les limites op\u00e9rationnelles rencontr\u00e9es par les grandes entreprises industrielles engag\u00e9es dans des trajectoires de neutralit\u00e9 carbone. Malgr\u00e9 une enveloppe de deux milliards cinq cents millions d\u2019euros et un cofinancement public de un milliard trois cents millions d\u2019euros, l\u2019\u00e9quation \u00e9conomique n\u2019a pas r\u00e9sist\u00e9 \u00e0 la tension entre ambition environnementale et viabilit\u00e9 financi\u00e8re.<\/p>\n<p>Objectif : z\u00e9ro \u00e9mission nette \u2013 Technologies retenues et configuration industrielle<\/p>\n<p>Le projet initial pr\u00e9voyait la reconversion des usines de Br\u00eame et Eisenh\u00fcttenstadt. ArcelorMittal comptait remplacer les hauts fourneaux classiques par des unit\u00e9s combinant fours \u00e9lectriques \u00e0 arc (EAF) et installations de r\u00e9duction directe du minerai de fer (DRI) utilisant de l\u2019hydrog\u00e8ne vert. <strong>Cette configuration aurait permis une r\u00e9duction substantielle des \u00e9missions de dioxyde de carbone (jusqu\u2019\u00e0 -90 % sur certains cycles), \u00e0 condition que l\u2019\u00e9lectricit\u00e9 n\u00e9cessaire soit d\u2019origine renouvelable.<\/strong><\/p>\n<p>Mais le co\u00fbt de l\u2019\u00e9lectricit\u00e9 en Allemagne, combin\u00e9 \u00e0 une volatilit\u00e9 persistante des prix, a profond\u00e9ment fragilis\u00e9 les hypoth\u00e8ses de rentabilit\u00e9. Le mod\u00e8le reposait sur une disponibilit\u00e9 soutenue d\u2019hydrog\u00e8ne vert, or cette mol\u00e9cule reste rare, non industrialis\u00e9e \u00e0 grande \u00e9chelle, et structurellement co\u00fbteuse \u00e0 court terme.<\/p>\n<p>D\u00e9ficits structurels : comp\u00e9titivit\u00e9, \u00e9nergies, r\u00e9gulation<\/p>\n<p>La d\u00e9cision du groupe ne d\u00e9coule pas d\u2019un rejet du principe de d\u00e9carbonation, mais d\u2019un arbitrage rationnel face \u00e0 des contraintes syst\u00e9miques. ArcelorMittal invoque, selon <a href=\"https:\/\/www.laprovence.com\/article\/economie\/2171725011420214\/acier-arcelormittal-annule-un-important-projet-de-decarbonation-en-allemagne\" target=\"_blank\" rel=\"noopener nofollow\">La Provence,<\/a> le \u00ab manque de rentabilit\u00e9 d\u2019une production d\u2019acier \u00e0 faible \u00e9mission de CO\u2082 \u00bb, m\u00eame apr\u00e8s int\u00e9gration d\u2019importantes aides publiques.<\/p>\n<p><strong>Le d\u00e9s\u00e9quilibre comp\u00e9titif avec les producteurs asiatiques, notamment chinois et indiens, qui b\u00e9n\u00e9ficient d\u2019un acc\u00e8s \u00e9nerg\u00e9tique bon march\u00e9 et de r\u00e9gulations environnementales moins strictes, accentue la vuln\u00e9rabilit\u00e9 des op\u00e9rateurs europ\u00e9ens.<\/strong> Le groupe estime que \u00ab les prix actuels de l\u2019\u00e9lectricit\u00e9 en Allemagne sont \u00e9lev\u00e9s, tant en comparaison internationale qu\u2019avec les pays europ\u00e9ens voisins \u00bb, relaye de son c\u00f4t\u00e9 <a href=\"https:\/\/www.lefigaro.fr\/flash-eco\/acier-arcelormittal-annule-un-important-projet-de-decarbonation-en-allemagne-20250619\" target=\"_blank\" rel=\"noopener nofollow\">Le Figaro.<\/a><\/p>\n<p>Enjeux RSE : gouvernance climatique et limitations op\u00e9rationnelles<\/p>\n<p>Ce recul interroge la capacit\u00e9 des entreprises \u00e0 tenir leurs engagements RSE dans un environnement \u00e9conomique instable. ArcelorMittal s\u2019\u00e9tait engag\u00e9 \u00e0 r\u00e9duire ses \u00e9missions de 35 % en Europe d\u2019ici 2030. L\u2019abandon de ce projet remet en cause cette trajectoire, du moins pour le p\u00e9rim\u00e8tre allemand. Il r\u00e9v\u00e8le une tension croissante entre la logique de reporting extra-financier (ESG) et la logique industrielle, surtout dans les secteurs \u00e0 forte intensit\u00e9 capitalistique et \u00e9nerg\u00e9tique.<\/p>\n<p><strong>Malgr\u00e9 tout, le groupe affirme vouloir \u00ab continuer \u00e0 investir dans la d\u00e9carbonation d\u00e8s que les conditions de march\u00e9 le permettront \u00bb<\/strong>. Ce signal pose une exigence de coh\u00e9rence accrue entre politiques publiques, r\u00e9gulations europ\u00e9ennes et incitations \u00e9conomiques. Il souligne aussi le besoin urgent d\u2019acc\u00e9l\u00e9rer le d\u00e9ploiement de r\u00e9seaux hydrog\u00e8ne, de r\u00e9duire le prix de l\u2019\u00e9lectricit\u00e9 renouvelable, et de renforcer les m\u00e9canismes de compensation carbone aux fronti\u00e8res.<\/p>\n<p>Un cas d\u2019\u00e9cole pour les politiques industrielles bas carbone<\/p>\n<p>Le cas ArcelorMittal constitue un indicateur pr\u00e9coce des limites du paradigme actuel de d\u00e9carbonation industrielle.<strong> Il rappelle que sans transformation structurelle de l\u2019environnement technico-\u00e9conomique \u2013 notamment en mati\u00e8re d\u2019\u00e9nergie, d\u2019infrastructures et de soutien \u00e0 l\u2019innovation \u2013, les entreprises ne peuvent porter seules la transition.<\/strong><\/p>\n<p>Ce dossier repr\u00e9sente un tournant : celui o\u00f9 la robustesse des engagements climatiques ne peut plus \u00eatre jug\u00e9e uniquement \u00e0 l\u2019aune des objectifs affich\u00e9s, mais doit s\u2019analyser au prisme des obstacles syst\u00e9miques qui conditionnent leur mise en \u0153uvre.<\/p>\n","protected":false},"excerpt":{"rendered":"Le 19 juin 2025, le groupe ArcelorMittal a confirm\u00e9 l\u2019abandon d\u2019un programme majeur de d\u00e9carbonation de ses sites&hellip;\n","protected":false},"author":2,"featured_media":194644,"comment_status":"","ping_status":"","sticky":false,"template":"","format":"standard","meta":{"footnotes":""},"categories":[1587],"tags":[11,672,1804,1805,1803,1777,674,1801,12,1802],"class_list":{"0":"post-194643","1":"post","2":"type-post","3":"status-publish","4":"format-standard","5":"has-post-thumbnail","7":"category-allemagne","8":"tag-actualites","9":"tag-allemagne","10":"tag-bundesrepublik-deutschland","11":"tag-de","12":"tag-deutschland","13":"tag-eu","14":"tag-europe","15":"tag-germany","16":"tag-news","17":"tag-republique-federale-dallemagne"},"share_on_mastodon":{"url":"https:\/\/pubeurope.com\/@fr\/114724181446634070","error":""},"_links":{"self":[{"href":"https:\/\/www.europesays.com\/fr\/wp-json\/wp\/v2\/posts\/194643","targetHints":{"allow":["GET"]}}],"collection":[{"href":"https:\/\/www.europesays.com\/fr\/wp-json\/wp\/v2\/posts"}],"about":[{"href":"https:\/\/www.europesays.com\/fr\/wp-json\/wp\/v2\/types\/post"}],"author":[{"embeddable":true,"href":"https:\/\/www.europesays.com\/fr\/wp-json\/wp\/v2\/users\/2"}],"replies":[{"embeddable":true,"href":"https:\/\/www.europesays.com\/fr\/wp-json\/wp\/v2\/comments?post=194643"}],"version-history":[{"count":0,"href":"https:\/\/www.europesays.com\/fr\/wp-json\/wp\/v2\/posts\/194643\/revisions"}],"wp:featuredmedia":[{"embeddable":true,"href":"https:\/\/www.europesays.com\/fr\/wp-json\/wp\/v2\/media\/194644"}],"wp:attachment":[{"href":"https:\/\/www.europesays.com\/fr\/wp-json\/wp\/v2\/media?parent=194643"}],"wp:term":[{"taxonomy":"category","embeddable":true,"href":"https:\/\/www.europesays.com\/fr\/wp-json\/wp\/v2\/categories?post=194643"},{"taxonomy":"post_tag","embeddable":true,"href":"https:\/\/www.europesays.com\/fr\/wp-json\/wp\/v2\/tags?post=194643"}],"curies":[{"name":"wp","href":"https:\/\/api.w.org\/{rel}","templated":true}]}}