{"id":194668,"date":"2025-06-22T00:41:10","date_gmt":"2025-06-22T00:41:10","guid":{"rendered":"https:\/\/www.europesays.com\/fr\/194668\/"},"modified":"2025-06-22T00:41:10","modified_gmt":"2025-06-22T00:41:10","slug":"archie-et-lilibet-seront-des-adultes-insupportables-et-cest-totalement-la-faute-de-meghan-markle","status":"publish","type":"post","link":"https:\/\/www.europesays.com\/fr\/194668\/","title":{"rendered":"Archie et Lilibet seront des adultes insupportables et c\u2019est TOTALEMENT la faute de Meghan Markle"},"content":{"rendered":"<p>L&rsquo;avenir des jeunes Sussex s&rsquo;annonce compliqu\u00e9. Selon plusieurs<br \/>\nsp\u00e9cialistes de la monarchie britannique, <a href=\"https:\/\/www.closermag.fr\/royautes\/lilibet-enfant-puzzle-cette-pique-dun-initie-en-dit-long-sur-lattitude-de-meghan-markle-3553770\" target=\"_blank\" rel=\"noopener\"><br \/>\nArchie et Lilibet<\/a> risquent de d\u00e9velopper une ranc\u0153ur profonde<br \/>\nenvers leur m\u00e8re une fois parvenus \u00e0 maturit\u00e9. La strat\u00e9gie de<br \/>\ncommunication num\u00e9rique adopt\u00e9e par la duchesse suscite de vives<br \/>\ninqui\u00e9tudes.<\/p>\n<p>Une exposition m\u00e9diatique qui fait pol\u00e9mique<\/p>\n<p>L&rsquo;apparition croissante des <a href=\"https:\/\/www.closermag.fr\/royautes\/meghan-markle-avec-archie-et-lilibet-cest-comme-une-entreprise-et-on-reste-coi-3549299\" target=\"_blank\" rel=\"noopener\"><br \/>\nenfants Sussex<\/a> dans les publications Instagram de leurs parents<br \/>\ndivise les observateurs. Hugo Vickers, auteur sp\u00e9cialis\u00e9 dans les<br \/>\nquestions monarchiques, exprime ses craintes lors d&rsquo;une r\u00e9cente<br \/>\nintervention t\u00e9l\u00e9vis\u00e9e : \u00ab\u00a0Je pense qu&rsquo;il va y avoir une<br \/>\nvengeance terrible quand ces enfants grandiront. Je ne sais pas<br \/>\npour vous, mais je serais tr\u00e8s agac\u00e9 de d\u00e9couvrir que j&rsquo;ai \u00e9t\u00e9<br \/>\nutilis\u00e9 dans tous ces posts d&rsquo;une mani\u00e8re \u00e9trange par mes<br \/>\nparents.\u00a0\u00bb<\/p>\n<p>Cette pr\u00e9diction alarmante intervient apr\u00e8s la diffusion de<br \/>\nplusieurs contenus montrant les jeunes Sussex lors d&rsquo;une sortie<br \/>\nfamiliale \u00e0 Disneyland. Contrairement aux pratiques ant\u00e9rieures o\u00f9<br \/>\nseules leurs silhouettes apparaissaient, leurs visages sont<br \/>\nd\u00e9sormais parfaitement visibles. Cette \u00e9volution strat\u00e9gique marque<br \/>\nun tournant radical dans la gestion de leur image publique.<\/p>\n<p>Des liens familiaux bris\u00e9s aux cons\u00e9quences durables<\/p>\n<p>L&rsquo;isolement familial des enfants Sussex constitue un autre sujet<br \/>\nd&rsquo;inqui\u00e9tude majeur. Les petits-enfants de Meghan Markle<br \/>\ngrandissent sans conna\u00eetre leurs grands-parents, une situation que<br \/>\nles experts jugent particuli\u00e8rement dommageable. \u00ab\u00a0Ils vont<br \/>\naussi grandir \u00e0 un moment donn\u00e9 et d\u00e9couvrir qu&rsquo;ils n&rsquo;ont jamais<br \/>\nconnu leurs grands-parents, leurs grands-p\u00e8res\u00a0\u00bb, souligne Hugo<br \/>\nVickers.<\/p>\n<p>La journaliste Samara Gill, qui maintient des contacts r\u00e9guliers<br \/>\navec Thomas Markle, confirme la d\u00e9tresse du p\u00e8re de Meghan :<br \/>\n\u00ab\u00a0J&rsquo;ai parl\u00e9 avec lui il y a quelques jours et il est toujours<br \/>\nabsolument d\u00e9vast\u00e9 par le fait qu&rsquo;il n&rsquo;ait toujours pas de contact<br \/>\navec Meghan.\u00a0\u00bb Cette rupture familiale prive \u00e9galement Archie<br \/>\net Lilibet de relations avec leurs cousins britanniques, notamment<br \/>\nle prince George, futur roi d&rsquo;Angleterre.<\/p>\n<p>Une strat\u00e9gie m\u00e9diatique qui<br \/>\ninterroge<\/p>\n<p>Le changement radical dans l&rsquo;approche communicationnelle des<br \/>\nSussex interpelle les analystes. Samara Gill observe cette<br \/>\ntransformation : \u00ab\u00a0C&rsquo;est assez int\u00e9ressant cette nouvelle<br \/>\nstrat\u00e9gie Instagram. Les visages des enfants \u00e9taient au centre de<br \/>\nces vid\u00e9os, donc il semble que cette nouvelle \u00e9quipe de relations<br \/>\npubliques ait tout jet\u00e9 ce qu&rsquo;elle avait pr\u00e9c\u00e9demment \u00e0 la<br \/>\nporte.\u00a0\u00bb<\/p>\n<p>Cette nouvelle orientation contraste fortement avec la<br \/>\ndiscr\u00e9tion initialement affich\u00e9e par le couple. Les experts<br \/>\ns&rsquo;accordent sur le caract\u00e8re dramatique de cette situation<br \/>\nfamiliale \u00e9clat\u00e9e, o\u00f9 ni le roi <a href=\"https:\/\/www.closermag.fr\/royautes\/charles-iii-va-suivre-les-traces-du-prince-harry-et-de-meghan-markle-et-ce-nest-pas-une-blague-3557029\" target=\"_blank\" rel=\"noopener\"><br \/>\nCharles III<\/a> ni Thomas Markle ne participent \u00e0 l&rsquo;\u00e9ducation des<br \/>\njeunes Sussex. Une trag\u00e9die selon les observateurs, dont les<br \/>\nr\u00e9percussions pourraient se r\u00e9v\u00e9ler durables pour l&rsquo;\u00e9quilibre<br \/>\npsychologique des enfants concern\u00e9s.<\/p>\n","protected":false},"excerpt":{"rendered":"L&rsquo;avenir des jeunes Sussex s&rsquo;annonce compliqu\u00e9. Selon plusieurs sp\u00e9cialistes de la monarchie britannique, Archie et Lilibet risquent de&hellip;\n","protected":false},"author":2,"featured_media":194669,"comment_status":"","ping_status":"","sticky":false,"template":"","format":"standard","meta":{"footnotes":""},"categories":[1359],"tags":[13304,548,58,59,1011,27,13418,908,973],"class_list":{"0":"post-194668","1":"post","2":"type-post","3":"status-publish","4":"format-standard","5":"has-post-thumbnail","7":"category-people","8":"tag-archie","9":"tag-article-simple","10":"tag-divertissement","11":"tag-entertainment","12":"tag-fr","13":"tag-france","14":"tag-lilibet","15":"tag-meghan-markle","16":"tag-people"},"share_on_mastodon":{"url":"https:\/\/pubeurope.com\/@fr\/114724240268102106","error":""},"_links":{"self":[{"href":"https:\/\/www.europesays.com\/fr\/wp-json\/wp\/v2\/posts\/194668","targetHints":{"allow":["GET"]}}],"collection":[{"href":"https:\/\/www.europesays.com\/fr\/wp-json\/wp\/v2\/posts"}],"about":[{"href":"https:\/\/www.europesays.com\/fr\/wp-json\/wp\/v2\/types\/post"}],"author":[{"embeddable":true,"href":"https:\/\/www.europesays.com\/fr\/wp-json\/wp\/v2\/users\/2"}],"replies":[{"embeddable":true,"href":"https:\/\/www.europesays.com\/fr\/wp-json\/wp\/v2\/comments?post=194668"}],"version-history":[{"count":0,"href":"https:\/\/www.europesays.com\/fr\/wp-json\/wp\/v2\/posts\/194668\/revisions"}],"wp:featuredmedia":[{"embeddable":true,"href":"https:\/\/www.europesays.com\/fr\/wp-json\/wp\/v2\/media\/194669"}],"wp:attachment":[{"href":"https:\/\/www.europesays.com\/fr\/wp-json\/wp\/v2\/media?parent=194668"}],"wp:term":[{"taxonomy":"category","embeddable":true,"href":"https:\/\/www.europesays.com\/fr\/wp-json\/wp\/v2\/categories?post=194668"},{"taxonomy":"post_tag","embeddable":true,"href":"https:\/\/www.europesays.com\/fr\/wp-json\/wp\/v2\/tags?post=194668"}],"curies":[{"name":"wp","href":"https:\/\/api.w.org\/{rel}","templated":true}]}}