{"id":194670,"date":"2025-06-22T00:42:22","date_gmt":"2025-06-22T00:42:22","guid":{"rendered":"https:\/\/www.europesays.com\/fr\/194670\/"},"modified":"2025-06-22T00:42:22","modified_gmt":"2025-06-22T00:42:22","slug":"video-philippe-geluck-a-guerande-avec-ses-sculptures-monumentales-du-chat-aux-pieds-des-remparts","status":"publish","type":"post","link":"https:\/\/www.europesays.com\/fr\/194670\/","title":{"rendered":"VID\u00c9O &#8211; Philippe Geluck \u00e0 Gu\u00e9rande avec ses sculptures monumentales du Chat aux pieds des remparts"},"content":{"rendered":"<p>\u00ab\u00a0Le Chat d\u00e9ambule\u00a0\u00bb. Apr\u00e8s Paris ou Gen\u00e8ve, Gu\u00e9rande! Philippe Geluck expose ses sculptures monumentales en bronze jusqu&rsquo;au 8 septembre dans les rues de la cit\u00e9 m\u00e9di\u00e9vale. Pour l&rsquo;inauguration ce jeudi 19 juin, l&rsquo;auteur \u00e9tait pr\u00e9sent. Avec sa gentillesse, sa modestie et son humour. <\/p>\n<p>\u00ab\u00a0Tu trouves qu&rsquo;il ressemble \u00e0 Ob\u00e9lix\u00a0? Parce qu&rsquo;il est gros\u00a0? \u00ab\u00a0. <strong>Philippe Geluck<\/strong> se pr\u00eate volontiers aux questions de ces \u00e9l\u00e8ves de Gu\u00e9rande venus avec leur classe voir les sculptures du Chat devant les remparts, install\u00e9es pour tout l&rsquo;\u00e9t\u00e9 2025. Tout comme il accueillera avec sourire et douceur toutes les demandes de selfies des passants, touristes comme habitants. Le Belge Philippe Geluck n&rsquo;\u00e9tait encore jamais venu \u00e0 Gu\u00e9rande, \u00ab\u00a0mais je connais bien, j&rsquo;ai mon dealer de sel dans le coin!\u00a0\u00bb<\/p>\n<p><img loading=\"lazy\" decoding=\"async\" class=\"VisualPreview svelte-1rldrkz\" src=\"data:image\/jpeg;base64,\/9j\/2wBDACgcHiMeGSgjISMtKygwPGRBPDc3PHtYXUlkkYCZlo+AjIqgtObDoKrarYqMyP\/L2u71\/\/\/\/m8H\/\/\/\/6\/+b9\/\/j\/2wBDASstLTw1PHZBQXb4pYyl+Pj4+Pj4+Pj4+Pj4+Pj4+Pj4+Pj4+Pj4+Pj4+Pj4+Pj4+Pj4+Pj4+Pj4+Pj4+Pj4+Pj\/wAARCAAqABcDASIAAhEBAxEB\/8QAFwABAQEBAAAAAAAAAAAAAAAAAAIBA\/\/EABYQAQEBAAAAAAAAAAAAAAAAAAABEf\/EABYBAQEBAAAAAAAAAAAAAAAAAAACAf\/EABYRAQEBAAAAAAAAAAAAAAAAAAAREv\/aAAwDAQACEQMRAD8A44Ypi9JicFYM0QtNTaIUoIDWYSLoDJBcAf\/Z\" alt=\"Philippe Geluck, l'artiste belge, de passage \u00e0 Gu\u00e9rande pour l'inauguration de son exposition. Une exposition qui tourne depuis quatre ans, 7 millions de visiteurs\" width=\"600\" height=\"1066\"\/>  Philippe Geluck, l&rsquo;artiste belge, de passage \u00e0 Gu\u00e9rande pour l&rsquo;inauguration de son exposition. Une exposition qui tourne depuis quatre ans, 7 millions de visiteurs \u00a9 Radio France &#8211; H\u00e9l\u00e8ne Roussel <\/p>\n<p>loading<\/p>\n<p>2,5 tonnes d&rsquo;acier et de bronze<\/p>\n<p>L&rsquo;auteur \u00e9tait ce jeudi 19 juin dans la cit\u00e9 m\u00e9di\u00e9vale pour sonner le <strong>coup d&rsquo;envoi de son exposition itin\u00e9rante<\/strong> et en plein air, \u00ab\u00a0Le Chat d\u00e9ambule\u00a0\u00bb, qui se tient jusqu&rsquo;au 8 septembre. Huit \u0153uvres monumentales en bronze et avec un socle d&rsquo;acier s&rsquo;imposent aux pieds des remparts, elles p\u00e8sent 2,5 tonnes et s&rsquo;\u00e9l\u00e8vent \u00e0 pr\u00e8s de trois m\u00e8tres de haut.<\/p>\n<p>Trois autres \u0153uvres, plus \u00ab\u00a0petites\u00a0\u00bb, 1,10 m\u00e8tre, ont \u00e9t\u00e9 mises dans les rues intra-muros. \u00ab\u00a0On s&rsquo;est vite rendues compte que les gros chats dans les petites ruelles, \u00e7a ne passait pas\u00a0\u00bb. Le papa du Chat sourit beaucoup. Et se confie facilement sur sa passion. Le dessin, la peinture, la sculpture. \u00ab\u00a0Je mod\u00e8le mon gros p\u00e9p\u00e8re en terre glaise et je prends un plaisir fou \u00ab\u00a0.<\/p>\n<p>Le plaisir aussi de livrer des messages \u00e0 mi-chemin toujours entre la po\u00e9sie, l&rsquo;humour, l&rsquo;impertinence. \u00ab\u00a0Des messages d&rsquo;ouverture et de tol\u00e9rance qui font du bien en ce moment\u00a0\u00bb ajoute le maire de Gu\u00e9rande, Nicolas Criaud. L&rsquo;\u00e9lu ne boude pas son plaisir, l&rsquo;exposition sans conteste va renforcer encore <strong>l&rsquo;attractivit\u00e9 touristique<\/strong> de la ville pendant ces deux mois.<\/p>\n<p><img loading=\"lazy\" decoding=\"async\" class=\"VisualPreview svelte-1rldrkz\" src=\"data:image\/jpeg;base64,\/9j\/2wBDACgcHiMeGSgjISMtKygwPGRBPDc3PHtYXUlkkYCZlo+AjIqgtObDoKrarYqMyP\/L2u71\/\/\/\/m8H\/\/\/\/6\/+b9\/\/j\/2wBDASstLTw1PHZBQXb4pYyl+Pj4+Pj4+Pj4+Pj4+Pj4+Pj4+Pj4+Pj4+Pj4+Pj4+Pj4+Pj4+Pj4+Pj4+Pj4+Pj4+Pj\/wAARCAAXACoDASIAAhEBAxEB\/8QAGAAAAwEBAAAAAAAAAAAAAAAAAAEDAgT\/xAAYEAEAAwEAAAAAAAAAAAAAAAAAAQISEf\/EABcBAQEBAQAAAAAAAAAAAAAAAAACAQP\/xAAWEQEBAQAAAAAAAAAAAAAAAAAAERL\/2gAMAwEAAhEDEQA\/ANWhOYXmrE1VpMS4OKZPDdET4XFsFg0R0TVnIDmsYawAAwWAAf\/Z\" alt=\"Le Chat et son oiseau symbolisant la beaut\u00e9 int\u00e9rieure\" width=\"600\" height=\"337\"\/>  Le Chat et son oiseau symbolisant la beaut\u00e9 int\u00e9rieure \u00a9 Radio France &#8211; H\u00e9l\u00e8ne Roussel<\/p>\n<p>Ses gros matous ont roul\u00e9 leurs bosses depuis quatre ans et la <strong>premi\u00e8re exposition en 2021 sur les Champs-\u00c9lys\u00e9es<\/strong>. \u00ab\u00a0Depuis il y a eu Gen\u00e8ve, Montreux, Bordeaux, et je suis tr\u00e8s fier d&rsquo;\u00eatre aujourd&rsquo;hui \u00e0 Gu\u00e9rande. Ce n&rsquo;est pas la taille qui compte, mais les gens que l&rsquo;on rencontre\u00a0\u00bb. L&rsquo;ironie et la boutade ne sont jamais loin avec Geluck. La tendresse non plus. \u00c0 travers ces expositions \u00e0 ciel ouvert, Philippe Geluck s&rsquo;est rendu compte que le Chat \u00e9tait interg\u00e9n\u00e9rationnel, \u00ab\u00a0il apporte du rire et de la joie, et je ne peux pas avoir meilleure r\u00e9compense que cela\u00a0\u00bb.<\/p>\n<p>loading<\/p>\n<p>L&rsquo;argent de la vente revers\u00e9 pour l&rsquo;ouverture d&rsquo;un mus\u00e9e<img loading=\"lazy\" decoding=\"async\" class=\"VisualPreview svelte-1rldrkz\" src=\"data:image\/jpeg;base64,\/9j\/2wBDACgcHiMeGSgjISMtKygwPGRBPDc3PHtYXUlkkYCZlo+AjIqgtObDoKrarYqMyP\/L2u71\/\/\/\/m8H\/\/\/\/6\/+b9\/\/j\/2wBDASstLTw1PHZBQXb4pYyl+Pj4+Pj4+Pj4+Pj4+Pj4+Pj4+Pj4+Pj4+Pj4+Pj4+Pj4+Pj4+Pj4+Pj4+Pj4+Pj4+Pj\/wAARCAAXACoDASIAAhEBAxEB\/8QAGAAAAwEBAAAAAAAAAAAAAAAAAAIDAQX\/xAAYEAEBAQEBAAAAAAAAAAAAAAAAAQIREv\/EABYBAQEBAAAAAAAAAAAAAAAAAAEAAv\/EABYRAQEBAAAAAAAAAAAAAAAAAAARAf\/aAAwDAQACEQMRAD8AJlvFfJbFRE6nVNJ01QlLw1Yk6lynrIDLSO4joA4CUAEP\/9k=\" alt=\"Philippe Geluck avec les enfants d'une classe de CM2 de Gu\u00e9rande &quot; ce qui compte, c'est la rencontre, le partage&quot;\" width=\"600\" height=\"337\"\/>  Philippe Geluck avec les enfants d&rsquo;une classe de CM2 de Gu\u00e9rande \u00a0\u00bb ce qui compte, c&rsquo;est la rencontre, le partage\u00a0\u00bb \u00a9 Radio France &#8211; H\u00e9l\u00e8ne Roussel<\/p>\n<p>Le gros chat en acier et en bronze <strong>se vend entre 340.000 et 380.000 euros<\/strong>.\u00a0 28 ont \u00e9t\u00e9 vendues d\u00e9j\u00e0 \u00e0 des collectionneurs, des entreprises ou des mairies comme celle de Saint-Quentin-en-Yvelines.\u00a0\u00bbTout l&rsquo;argent sert \u00e0 financer le mus\u00e9e du Chat et du dessin d&rsquo;humour que je vais ouvrir \u00e0 l&rsquo;automne 2027 \u00e0 Bruxelles, juste \u00e0 c\u00f4t\u00e9 du mus\u00e9e Magritte\u00a0\u00bb. Donner de l&rsquo;humour et de l&rsquo;amour, c&rsquo;est \u00e7a le Chat.<\/p>\n<p>\u00c0 lire aussi   <img decoding=\"async\" src=\"https:\/\/www.europesays.com\/fr\/wp-content\/uploads\/2025\/06\/560x315_sc_whatsapp-image-2024-11-16-at-22-05-28.jpg\" alt=\"Sur la statue du chat est inscrit : &quot;L'\u0153uvre de Dard est une \u0153uvre d'art&quot;\" style=\"--_image-preview:url('data:image\/jpeg;base64,\/9j\/2wBDACgcHiMeGSgjISMtKygwPGRBPDc3PHtYXUlkkYCZlo+AjIqgtObDoKrarYqMyP\/L2u71\/\/\/\/m8H\/\/\/\/6\/+b9\/\/j\/2wBDASstLTw1PHZBQXb4pYyl+Pj4+Pj4+Pj4+Pj4+Pj4+Pj4+Pj4+Pj4+Pj4+Pj4+Pj4+Pj4+Pj4+Pj4+Pj4+Pj4+Pj\/wAARCAAXACoDASIAAhEBAxEB\/8QAGAABAQEBAQAAAAAAAAAAAAAAAgADAQT\/xAAYEAEBAQEBAAAAAAAAAAAAAAAAAQISEf\/EABYBAQEBAAAAAAAAAAAAAAAAAAABAv\/EABURAQEAAAAAAAAAAAAAAAAAAAAR\/9oADAMBAAIRAxEAPwDbpy6H0bWWiuhug1QuiI16d6YdLsg9NgaSUZ6Z1JUC0ekgf\/\/Z');\" loading=\"lazy\" fetchpriority=\"low\" aria-hidden=\"true\" class=\"svelte-1pnmlwx rounded\" onload=\"this.__e=event\" onerror=\"this.__e=event\"\/><\/p>\n","protected":false},"excerpt":{"rendered":"\u00ab\u00a0Le Chat d\u00e9ambule\u00a0\u00bb. Apr\u00e8s Paris ou Gen\u00e8ve, Gu\u00e9rande! Philippe Geluck expose ses sculptures monumentales en bronze jusqu&rsquo;au 8&hellip;\n","protected":false},"author":2,"featured_media":194671,"comment_status":"","ping_status":"","sticky":false,"template":"","format":"standard","meta":{"footnotes":""},"categories":[1358],"tags":[1348,1384,1385,1386,58,59,1011,27],"class_list":{"0":"post-194670","1":"post","2":"type-post","3":"status-publish","4":"format-standard","5":"has-post-thumbnail","7":"category-arts-et-design","8":"tag-arts","9":"tag-arts-and-design","10":"tag-arts-et-design","11":"tag-design","12":"tag-divertissement","13":"tag-entertainment","14":"tag-fr","15":"tag-france"},"share_on_mastodon":{"url":"https:\/\/pubeurope.com\/@fr\/114724244471003197","error":""},"_links":{"self":[{"href":"https:\/\/www.europesays.com\/fr\/wp-json\/wp\/v2\/posts\/194670","targetHints":{"allow":["GET"]}}],"collection":[{"href":"https:\/\/www.europesays.com\/fr\/wp-json\/wp\/v2\/posts"}],"about":[{"href":"https:\/\/www.europesays.com\/fr\/wp-json\/wp\/v2\/types\/post"}],"author":[{"embeddable":true,"href":"https:\/\/www.europesays.com\/fr\/wp-json\/wp\/v2\/users\/2"}],"replies":[{"embeddable":true,"href":"https:\/\/www.europesays.com\/fr\/wp-json\/wp\/v2\/comments?post=194670"}],"version-history":[{"count":0,"href":"https:\/\/www.europesays.com\/fr\/wp-json\/wp\/v2\/posts\/194670\/revisions"}],"wp:featuredmedia":[{"embeddable":true,"href":"https:\/\/www.europesays.com\/fr\/wp-json\/wp\/v2\/media\/194671"}],"wp:attachment":[{"href":"https:\/\/www.europesays.com\/fr\/wp-json\/wp\/v2\/media?parent=194670"}],"wp:term":[{"taxonomy":"category","embeddable":true,"href":"https:\/\/www.europesays.com\/fr\/wp-json\/wp\/v2\/categories?post=194670"},{"taxonomy":"post_tag","embeddable":true,"href":"https:\/\/www.europesays.com\/fr\/wp-json\/wp\/v2\/tags?post=194670"}],"curies":[{"name":"wp","href":"https:\/\/api.w.org\/{rel}","templated":true}]}}