{"id":194674,"date":"2025-06-22T00:44:11","date_gmt":"2025-06-22T00:44:11","guid":{"rendered":"https:\/\/www.europesays.com\/fr\/194674\/"},"modified":"2025-06-22T00:44:11","modified_gmt":"2025-06-22T00:44:11","slug":"avant-premiere-les-feux-de-lamour-du-23-juin-2025-episode-9247-tf1","status":"publish","type":"post","link":"https:\/\/www.europesays.com\/fr\/194674\/","title":{"rendered":"Avant-premi\u00e8re &#8211; Les feux de l&#039;amour du 23 juin 2025 &#8211; Episode 9247 &#8211; TF1+"},"content":{"rendered":"<ol>\n<li><a href=\"https:\/\/news.google.com\/rss\/articles\/CBMixAFBVV95cUxNM2pCSXV3M1JwdVpyaVU0Vlp5RUxyZW01MWRBSldsYVlTTVZyYzd6TGRfZGJZXzNxaThkSDhzWkNTU2ZLXzNOYklaeXJyYWVrWGhLRmdmbTdjRE5BZGpZb2xqT0R6ZjlOeHpwVEtuWXNCTUpaazhWbFhyZTU2MlJiYThGMnpfOHdaUEh5RzBOTVd0aGlaNFNBTWdOTFhQeElFVzZuVm94MEx1REU0bnZ0Tk9qWU5TVTJCeUtNRk9JQVZNc2tV?oc=5\" target=\"_blank\" rel=\"noopener\">Avant-premi\u00e8re &#8211; Les feux de l&rsquo;amour du 23 juin 2025 &#8211; Episode 9247<\/a>&nbsp;&nbsp;TF1+<\/li>\n<li><a href=\"https:\/\/news.google.com\/rss\/articles\/CBMikwFBVV95cUxPai1qRE8tUUxQTjgxS3l2b1E0RURQc2JhQzc5eWJlYkUzM0NOclloSGhSQld6X2I2NDk3RGVKeVBySGRqaF84bzZ5X1FJWUhqb2piUjRIaGRYVjRFZm04eWp6WGp3Qk1BT2gwT21rd1ZJNVoxVHFsa1ZBU25XczREakllUnZsMmpxTUNta3c0dDRXbGc?oc=5\" target=\"_blank\" rel=\"noopener\">La Une HD &#8211; Les feux de l&rsquo;amour &#8211; E6853 \u00c9pisode 6853<\/a>&nbsp;&nbsp;Pickx.be<\/li>\n<li><a href=\"https:\/\/news.google.com\/rss\/articles\/CBMiuwFBVV95cUxOTHVTTFpQaVpaaWlpM0lXc1hCdlNOUnpBUkdLX1FnMU1qclRDR1R4TDRjLW40SDBESmN1TmxpSnJvaHdnWXlQSGRVcU9hbnlIVWxfVnFCYm9fTTlkT0pIU2xzYjVya2oxXzFfQWpxSmZrQzNVRzRSdmx0cHVvdGZaRE0tNDR6RlVDeDlGckV2R29OcHIxa2N1WTVCWl9JSDA4SmNpXzQ0XzFrUVo5b0VJT04xcXJvM2pFRmJz?oc=5\" target=\"_blank\" rel=\"noopener\">Les Feux de l&rsquo;Amour: R\u00e9sum\u00e9 de l&rsquo;\u00e9pisode du 20 juin 2025 (Cbs) | R\u00e9sum\u00e9 et r\u00e9actions<\/a>&nbsp;&nbsp;soap-passion.com<\/li>\n<li><a href=\"https:\/\/news.google.com\/rss\/articles\/CBMiuwFBVV95cUxOdU50U2VsWDJsVkFKY2ROeDczUGpHOVFIUG4xTUk5a2JMa2puNktFT0JvS2dRRVM1MGdfX2c3eFNyTWVtX21XZDVrbmJKTzZGaUEzRUFLb1dBOUxudEZUblJuWV9xWmJoV0V3ZGhWZldpcWVPWE45NWQtMmN2UG5Yam9DRi1iRmo0R0drUzRVWWw5QlBTTkttNlhfelhWeHFmZTR0UzlsVGFBZ1QyRGRiZjNKZ2hpR0h6Qkg4?oc=5\" target=\"_blank\" rel=\"noopener\">Les Feux de l&rsquo;Amour, \u00e9pisode n\u00b013148 diffus\u00e9 le jeudi 19 juin 2025 sur Cbs aux USA<\/a>&nbsp;&nbsp;soap-passion.com<\/li>\n<li><a href=\"https:\/\/news.google.com\/rss\/articles\/CBMiwAFBVV95cUxOMkNDM3k2MjczUUdGLWV6eEZ1WnlCcE5VckFZTlZSM2lOb2lhSUtVaEI1cVFFZ19QUmI0V08zblZDMkVoLUYxXzZ0eUh5c3JXTG9vSFMwOE9WejhJZllMcXQ1aTd2R3JCZHdGemVzNEV5UVk4S2pKZ3ZjcGRuU3ZkRm9YWUZ6amV6aVU4ZDNVcTNGUThDa2FUQVBIakxKOXpSV1N5QUUyR3UzSEFqWXBvNUhScG9nLTkzT0VJN3V5SGc?oc=5\" target=\"_blank\" rel=\"noopener\">Les Feux de l&rsquo;Amour: R\u00e9sum\u00e9 de l&rsquo;\u00e9pisode du 20 juin 2025 (Rtbf)<\/a>&nbsp;&nbsp;soap-passion.com<\/li>\n<\/ol>\n","protected":false},"excerpt":{"rendered":"Avant-premi\u00e8re &#8211; Les feux de l&rsquo;amour du 23 juin 2025 &#8211; Episode 9247&nbsp;&nbsp;TF1+ La Une HD &#8211; Les&hellip;\n","protected":false},"author":2,"featured_media":194675,"comment_status":"","ping_status":"","sticky":false,"template":"","format":"standard","meta":{"footnotes":""},"categories":[1356],"tags":[58,59,1365,15848,1011,27,15850,15849,15852,252,1364,15853,15851],"class_list":{"0":"post-194674","1":"post","2":"type-post","3":"status-publish","4":"format-standard","5":"has-post-thumbnail","7":"category-television","8":"tag-divertissement","9":"tag-entertainment","10":"tag-episode","11":"tag-episode-les-feux-de-lamour","12":"tag-fr","13":"tag-france","14":"tag-les-feux-de-lamour","15":"tag-les-feux-de-lamour-episode","16":"tag-streaming-les-feux-de-lamour","17":"tag-television","18":"tag-tv","19":"tag-video-en-streaming-les-feux-de-lamour","20":"tag-video-les-feux-de-lamour"},"share_on_mastodon":{"url":"https:\/\/pubeurope.com\/@fr\/114724252113002394","error":""},"_links":{"self":[{"href":"https:\/\/www.europesays.com\/fr\/wp-json\/wp\/v2\/posts\/194674","targetHints":{"allow":["GET"]}}],"collection":[{"href":"https:\/\/www.europesays.com\/fr\/wp-json\/wp\/v2\/posts"}],"about":[{"href":"https:\/\/www.europesays.com\/fr\/wp-json\/wp\/v2\/types\/post"}],"author":[{"embeddable":true,"href":"https:\/\/www.europesays.com\/fr\/wp-json\/wp\/v2\/users\/2"}],"replies":[{"embeddable":true,"href":"https:\/\/www.europesays.com\/fr\/wp-json\/wp\/v2\/comments?post=194674"}],"version-history":[{"count":0,"href":"https:\/\/www.europesays.com\/fr\/wp-json\/wp\/v2\/posts\/194674\/revisions"}],"wp:featuredmedia":[{"embeddable":true,"href":"https:\/\/www.europesays.com\/fr\/wp-json\/wp\/v2\/media\/194675"}],"wp:attachment":[{"href":"https:\/\/www.europesays.com\/fr\/wp-json\/wp\/v2\/media?parent=194674"}],"wp:term":[{"taxonomy":"category","embeddable":true,"href":"https:\/\/www.europesays.com\/fr\/wp-json\/wp\/v2\/categories?post=194674"},{"taxonomy":"post_tag","embeddable":true,"href":"https:\/\/www.europesays.com\/fr\/wp-json\/wp\/v2\/tags?post=194674"}],"curies":[{"name":"wp","href":"https:\/\/api.w.org\/{rel}","templated":true}]}}