{"id":194684,"date":"2025-06-22T00:49:12","date_gmt":"2025-06-22T00:49:12","guid":{"rendered":"https:\/\/www.europesays.com\/fr\/194684\/"},"modified":"2025-06-22T00:49:12","modified_gmt":"2025-06-22T00:49:12","slug":"elodie-poux-se-confie-sur-son-trouble-neurologique-rare","status":"publish","type":"post","link":"https:\/\/www.europesays.com\/fr\/194684\/","title":{"rendered":"\u00c9lodie Poux se confie sur son trouble neurologique rare"},"content":{"rendered":"<p>L\u2019humoriste et com\u00e9dienne \u00e9tait l\u2019invit\u00e9e d\u2019Isabelle Ithurburu dans \u00ab50\u2019Inside\u00bb ce samedi 21 juin. L\u2019occasion pour elle de livrer une nouvelle facette d\u2019elle-m\u00eame.<\/p>\n<p class=\"fig-paragraph\">Connue du public depuis 2016 pour ses talents d\u2019humoriste, \u00c9lodie Poux s\u2019impose de plus en plus dans le paysage audiovisuel fran\u00e7ais depuis ces derniers mois. Apr\u00e8s avoir accept\u00e9 un r\u00f4le dans la s\u00e9rie \u00abSc\u00e8nes de m\u00e9nage\u00bb diffus\u00e9e sur M6, elle op\u00e8re depuis le mois de mai dans l\u2019\u00e9mission\u00a0<a href=\"http:\/\/tvmag.lefigaro.fr\/programme-tv\/audiences-tv\/audiences-a-l-instinct-indetronable-sur-france-2-mask-singer-en-baisse-sur-tf1-20250621\" target=\"_blank\" data-fig-type=\"Article\" rel=\"noopener nofollow\" data-gtm-custom-categorie=\"navigation\" data-gtm-custom-action=\"crossclick\" data-gtm-custom-label=\"Contextuel\" data-gtm-event=\"customEventSPE\" data-fig-domain=\"TVMAG\">\u00abMask Singer\u00bb<\/a>\u00a0aux c\u00f4t\u00e9s de Kev Adams, Chantal Ladesou et\u00a0<a href=\"http:\/\/tvmag.lefigaro.fr\/programme-tv\/people\/si-la-pilule-avait-ete-la-laurent-ruquier-evoque-la-terrible-phrase-que-repetait-sa-mere-20250615\" target=\"_blank\" data-fig-type=\"Article\" rel=\"noopener nofollow\" data-gtm-custom-categorie=\"navigation\" data-gtm-custom-action=\"crossclick\" data-gtm-custom-label=\"Contextuel\" data-gtm-event=\"customEventSPE\" data-fig-domain=\"TVMAG\">Laurent Ruquier<\/a>.<\/p>\n<p class=\"fig-paragraph\">Et si son visage est de plus en plus familier aux t\u00e9l\u00e9spectateurs, son histoire l\u2019est moins. Avant de partir \u00e0 l\u2019assaut du monde de l\u2019humour, la femme d\u2019origine nantaise \u00e9tait animatrice en p\u00e9riscolaire. \u00abJ\u2019ai tout quitt\u00e9. La maison, la personne avec qui j\u2019\u00e9tais, mon emploi, toute ma famille et mes amis. La passion \u00e9tait plus forte que tout le reste\u00bb, a-t-elle avou\u00e9 \u00e0\u00a0<a href=\"http:\/\/tvmag.lefigaro.fr\/programme-tv\/actu-tele\/craquante-sympa-douee-jacques-legros-adoube-deja-isabelle-ithurburu-futur-joker-de-tf1-20250330\" target=\"_blank\" data-fig-type=\"Article\" rel=\"noopener nofollow\" data-gtm-custom-categorie=\"navigation\" data-gtm-custom-action=\"crossclick\" data-gtm-custom-label=\"Contextuel\" data-gtm-event=\"customEventSPE\" data-fig-domain=\"TVMAG\">Isabelle Ithurburu<\/a>\u00a0dans le portrait de la semaine de \u00ab50\u2019Inside\u00bb.<\/p>\n<p class=\"fig-body-link\">\n            \u00c0 lire aussi<br \/>\n        <a class=\"fig-body-link__link\" href=\"http:\/\/tvmag.lefigaro.fr\/programme-tv\/actu-tele\/scenes-de-menages-ca-ne-se-refuse-pas-elodie-poux-et-majid-berhila-debarquent-ce-soir-sur-m6-20250113\" target=\"_blank\" data-fig-type=\"Article\" rel=\"noopener nofollow\" data-gtm-custom-categorie=\"navigation\" data-gtm-custom-action=\"crossclick\" data-gtm-custom-label=\"Contextuel\" data-gtm-event=\"customEventSPE\" data-fig-domain=\"TVMAG\">\u00ab\u201cSc\u00e8nes de m\u00e9nages\u201d, \u00e7a ne se refuse pas\u00bb\u00a0: \u00c9lodie Poux et Majid Berhila d\u00e9barquent ce soir sur M6<br \/>\n    <\/a>\n<\/p>\n<p class=\"fig-paragraph\">Depuis son enfance, l\u2019humoriste et com\u00e9dienne est atteinte d\u2019un trouble neurologique rare appel\u00e9 prosopagnosie. Il se caract\u00e9rise par l\u2019incapacit\u00e9 \u00e0 reconna\u00eetre les visages humains. \u00abJ\u2019ai \u00e9t\u00e9 hyper soulag\u00e9e\u00bb, a-t-elle expliqu\u00e9 lorsque le diagnostic a \u00e9t\u00e9 pos\u00e9. \u00abJe peux ne pas reconna\u00eetre un oncle, une personne avec qui je travaille depuis dix ans. Les gens qui l\u2019ont entendu, qui savent et qui me connaissent se repr\u00e9sentent quand ils me croisent et \u00e7a facilite grandement ma vie\u00bb, a-t-elle reconnu sans pour autant \u00eatre totalement lib\u00e9r\u00e9e. \u00abJe sais dans la vie de tous les jours, surtout dans des \u00e9v\u00e9nements o\u00f9 on est tous r\u00e9unis et tout, que je blesse beaucoup de personnes. Qui soit n\u2019y croient pas, soit se disent\u00a0: \u201cMais moi quand m\u00eame\u201d, comme si \u00e7a avait une importance. Mais j\u2019esp\u00e8re qu\u2019ils me croient et qu\u2019ils savent que ce n\u2019est pas expr\u00e8s.\u00bb<\/p>\n<p class=\"fig-paragraph\">Mais de cette diff\u00e9rence, \u00c9lodie Poux a su en faire une force en en riant dans ses spectacles. Pourtant, elle ne se pensait pas destin\u00e9e \u00e0 une carri\u00e8re d\u2019humoriste. \u00abPetite, je voulais jouer dans des films. Je tournais des films dans ma chambre. Je regardais tous les making-of de tous les films&#8230;\u00bb, a-t-elle confi\u00e9 alors que l\u2019intervieweuse soulignait que ce projet \u00e9tait encore r\u00e9alisable. \u00abSi un r\u00e9alisateur regarde&#8230;\u00bb a-t-elle lanc\u00e9 face \u00e0 la cam\u00e9ra en riant. L\u2019appel est lanc\u00e9\u00a0!<\/p>\n","protected":false},"excerpt":{"rendered":"L\u2019humoriste et com\u00e9dienne \u00e9tait l\u2019invit\u00e9e d\u2019Isabelle Ithurburu dans \u00ab50\u2019Inside\u00bb ce samedi 21 juin. L\u2019occasion pour elle de livrer&hellip;\n","protected":false},"author":2,"featured_media":194685,"comment_status":"","ping_status":"","sticky":false,"template":"","format":"standard","meta":{"footnotes":""},"categories":[8],"tags":[497,496,499,58,59,1011,27,5983,500,504,505,495,503,502,501,199,498],"class_list":{"0":"post-194684","1":"post","2":"type-post","3":"status-publish","4":"format-standard","5":"has-post-thumbnail","7":"category-divertissement","8":"tag-actu-tv","9":"tag-actualite-tv","10":"tag-buzz-tv","11":"tag-divertissement","12":"tag-entertainment","13":"tag-fr","14":"tag-france","15":"tag-mask-singer","16":"tag-medias","17":"tag-news-tele","18":"tag-news-television","19":"tag-news-tv","20":"tag-programme-tele","21":"tag-programme-tv","22":"tag-quiz-tv","23":"tag-tf1","24":"tag-tv-actu"},"share_on_mastodon":{"url":"https:\/\/pubeurope.com\/@fr\/114724272040496575","error":""},"_links":{"self":[{"href":"https:\/\/www.europesays.com\/fr\/wp-json\/wp\/v2\/posts\/194684","targetHints":{"allow":["GET"]}}],"collection":[{"href":"https:\/\/www.europesays.com\/fr\/wp-json\/wp\/v2\/posts"}],"about":[{"href":"https:\/\/www.europesays.com\/fr\/wp-json\/wp\/v2\/types\/post"}],"author":[{"embeddable":true,"href":"https:\/\/www.europesays.com\/fr\/wp-json\/wp\/v2\/users\/2"}],"replies":[{"embeddable":true,"href":"https:\/\/www.europesays.com\/fr\/wp-json\/wp\/v2\/comments?post=194684"}],"version-history":[{"count":0,"href":"https:\/\/www.europesays.com\/fr\/wp-json\/wp\/v2\/posts\/194684\/revisions"}],"wp:featuredmedia":[{"embeddable":true,"href":"https:\/\/www.europesays.com\/fr\/wp-json\/wp\/v2\/media\/194685"}],"wp:attachment":[{"href":"https:\/\/www.europesays.com\/fr\/wp-json\/wp\/v2\/media?parent=194684"}],"wp:term":[{"taxonomy":"category","embeddable":true,"href":"https:\/\/www.europesays.com\/fr\/wp-json\/wp\/v2\/categories?post=194684"},{"taxonomy":"post_tag","embeddable":true,"href":"https:\/\/www.europesays.com\/fr\/wp-json\/wp\/v2\/tags?post=194684"}],"curies":[{"name":"wp","href":"https:\/\/api.w.org\/{rel}","templated":true}]}}