{"id":194688,"date":"2025-06-22T00:51:10","date_gmt":"2025-06-22T00:51:10","guid":{"rendered":"https:\/\/www.europesays.com\/fr\/194688\/"},"modified":"2025-06-22T00:51:10","modified_gmt":"2025-06-22T00:51:10","slug":"le-palmares-du-figaro-des-meilleurs-vins-roses-de-lete-2025-de-8-a-60-euros","status":"publish","type":"post","link":"https:\/\/www.europesays.com\/fr\/194688\/","title":{"rendered":"Le palmar\u00e8s du Figaro des meilleurs vins ros\u00e9s de l\u2019\u00e9t\u00e9 2025, de 8 \u00e0 60 euros"},"content":{"rendered":"<p><strong>NOS CONSEILS &#8211; <\/strong>Apr\u00e8s avoir d\u00e9gust\u00e9 plus de 150 vins ros\u00e9s, voici les 50 cuv\u00e9es favorites de la r\u00e9daction du Figaro Vin, \u00e0 tous les prix.<\/p>\n<p class=\"fig-paragraph\">Alors que voil\u00e0 l\u2019\u00e9t\u00e9, les\u00a0<a href=\"https:\/\/avis-vin.lefigaro.fr\/vins-champagne\/explorer-les-vins\/couleurs\/rose\" target=\"_blank\" rel=\"noopener\" data-gtm-custom-categorie=\"navigation\" data-gtm-custom-action=\"crossclick\" data-gtm-custom-label=\"Contextuel\" data-gtm-event=\"customEventSPE\">vins ros\u00e9s<\/a>\u00a0signent un retour salutaire. Ils entra\u00eenent avec eux la promesse des belles soir\u00e9es estivales, des d\u00e9jeuners sous la tonnelle et des d\u00eeners aux \u00e9clats de rire. En tout cas d\u2019instants frivoles, d\u00e9lest\u00e9s du poids de nos pr\u00e9occupations du reste de l\u2019ann\u00e9e. Ne les prenez pas pour autant pour des vins aux histoires sans lendemain. Le ros\u00e9 sait d\u00e9sormais occuper le terrain des jus travaill\u00e9s, voire pour certains des\u00a0<a href=\"https:\/\/avis-vin.lefigaro.fr\/domaines-et-vignerons\/comment-le-vin-rose-est-devenu-un-vrai-objet-de-gastronomie-20240722\" target=\"_blank\" data-fig-type=\"Article\" rel=\"noopener\" data-gtm-custom-categorie=\"navigation\" data-gtm-custom-action=\"crossclick\" data-gtm-custom-label=\"Contextuel\" data-gtm-event=\"customEventSPE\" data-fig-domain=\"AVIS_VIN\">grands vins<\/a>. C\u2019est en tout cas un horizon divers, riche et passionnant, que cette vaste s\u00e9lection entend mettre \u00e0 l\u2019honneur. Les d\u00e9gustateurs du Figaro Vin ont pass\u00e9 au crible plus de 150 cuv\u00e9es, pour en retenir 50, \u00e0 tous les prix, pour tous les go\u00fbts. Car c\u2019est l\u2019une des r\u00e9jouissances du vin ros\u00e9. Du\u00a0<a href=\"https:\/\/avis-vin.lefigaro.fr\/connaitre-deguster\/tout-savoir-sur-le-vin\/guide-des-regions-et-des-appellations\/provence\/appellation-cotes-de-provence\" target=\"_blank\" rel=\"noopener\" data-gtm-custom-categorie=\"navigation\" data-gtm-custom-action=\"crossclick\" data-gtm-custom-label=\"Contextuel\" data-gtm-event=\"customEventSPE\">c\u00f4tes-de-provence<\/a>\u00a0d\u00e9salt\u00e9rant que l\u2019on ouvre sans complexe au\u00a0<a href=\"https:\/\/avis-vin.lefigaro.fr\/connaitre-deguster\/tout-savoir-sur-le-vin\/guide-des-regions-et-des-appellations\/provence\/appellation-bandol\" target=\"_blank\" rel=\"noopener\" data-gtm-custom-categorie=\"navigation\" data-gtm-custom-action=\"crossclick\" data-gtm-custom-label=\"Contextuel\" data-gtm-event=\"customEventSPE\">bandol<\/a>\u00a0taill\u00e9 pour les plus beaux accords, en passant par des p\u00e9pites hors des radars et \u00e0 petits prix, voici 50 vins test\u00e9s et approuv\u00e9s par la r\u00e9daction.<\/p>\n<p class=\"fig-premium-paywall__infos\">\n        Cet article est r\u00e9serv\u00e9 aux abonn\u00e9s.        Il vous reste 95% \u00e0 d\u00e9couvrir.\n    <\/p>\n<p>                <img  data- alt=\"Le Figaro\" class=\"fig-img--complete fig-img\"\/><\/p>\n<p class=\"fig-premium-paywall__title\">Vente Flash<\/p>\n<p class=\"fig-premium-paywall__subtitle\">3,99\u20ac par mois pendant 12 mois. Sans engagement.<\/p>\n<p class=\"fig-premium-paywall__connect\">\n                D\u00e9j\u00e0 abonn\u00e9\u00a0?                <a class=\"fig-premium-paywall__connect-link\" href=\"https:\/\/connect.lefigaro.fr\/login?client=vin_web&amp;type=main&amp;redirect_uri=https%3A%2F%2Favis-vin.lefigaro.fr%2Ftops-selections-vins-spiritueux%2Fle-palmares-du-figaro-des-meilleurs-vins-roses-de-l-ete-2025-de-8-a-60-euros-20250621\" data-js-gtm=\"{&quot;customCategorie&quot;: &quot;conversion&quot;, &quot;customAction&quot;: &quot;before_Landing_Connexion_paywall_manuel&quot;, &quot;customLabel&quot;: &quot;YXZpcy12aW4ubGVmaWdhcm8uZnJfXzFmMDRkYjNjLWJiNzYtNmY5Yy1iOWRiLTQxYjQ5ZDBhMDI2OF9fQXJ0aWNsZQ==_Le palmar\u00e8s du Figaro des meilleurs vins ros\u00e9s de l\u2019\u00e9t\u00e9 2025, de 8 \u00e0 60 euros_2253&quot;, &quot;customIDSPE&quot;: &quot;YXZpcy12aW4ubGVmaWdhcm8uZnJfXzFmMDRkYjNjLWJiNzYtNmY5Yy1iOWRiLTQxYjQ5ZDBhMDI2OF9fQXJ0aWNsZQ==&quot;, &quot;event&quot;: &quot;customEventSPE&quot;}\" target=\"_blank\" rel=\"noopener\"><br \/>\n                    Connectez-vous<br \/>\n                <\/a>\n            <\/p>\n","protected":false},"excerpt":{"rendered":"NOS CONSEILS &#8211; Apr\u00e8s avoir d\u00e9gust\u00e9 plus de 150 vins ros\u00e9s, voici les 50 cuv\u00e9es favorites de la&hellip;\n","protected":false},"author":2,"featured_media":194689,"comment_status":"","ping_status":"","sticky":false,"template":"","format":"standard","meta":{"footnotes":""},"categories":[6],"tags":[35,33,34,4464,1011,27,4463,1650,707,4465,1662,33353],"class_list":{"0":"post-194688","1":"post","2":"type-post","3":"status-publish","4":"format-standard","5":"has-post-thumbnail","7":"category-economie","8":"tag-business","9":"tag-economie","10":"tag-economy","11":"tag-figaro-vin","12":"tag-fr","13":"tag-france","14":"tag-guide","15":"tag-selection","16":"tag-spiritueux","17":"tag-tops","18":"tag-vin","19":"tag-vin-rose"},"share_on_mastodon":{"url":"https:\/\/pubeurope.com\/@fr\/114724279682798003","error":""},"_links":{"self":[{"href":"https:\/\/www.europesays.com\/fr\/wp-json\/wp\/v2\/posts\/194688","targetHints":{"allow":["GET"]}}],"collection":[{"href":"https:\/\/www.europesays.com\/fr\/wp-json\/wp\/v2\/posts"}],"about":[{"href":"https:\/\/www.europesays.com\/fr\/wp-json\/wp\/v2\/types\/post"}],"author":[{"embeddable":true,"href":"https:\/\/www.europesays.com\/fr\/wp-json\/wp\/v2\/users\/2"}],"replies":[{"embeddable":true,"href":"https:\/\/www.europesays.com\/fr\/wp-json\/wp\/v2\/comments?post=194688"}],"version-history":[{"count":0,"href":"https:\/\/www.europesays.com\/fr\/wp-json\/wp\/v2\/posts\/194688\/revisions"}],"wp:featuredmedia":[{"embeddable":true,"href":"https:\/\/www.europesays.com\/fr\/wp-json\/wp\/v2\/media\/194689"}],"wp:attachment":[{"href":"https:\/\/www.europesays.com\/fr\/wp-json\/wp\/v2\/media?parent=194688"}],"wp:term":[{"taxonomy":"category","embeddable":true,"href":"https:\/\/www.europesays.com\/fr\/wp-json\/wp\/v2\/categories?post=194688"},{"taxonomy":"post_tag","embeddable":true,"href":"https:\/\/www.europesays.com\/fr\/wp-json\/wp\/v2\/tags?post=194688"}],"curies":[{"name":"wp","href":"https:\/\/api.w.org\/{rel}","templated":true}]}}