{"id":194696,"date":"2025-06-22T00:55:45","date_gmt":"2025-06-22T00:55:45","guid":{"rendered":"https:\/\/www.europesays.com\/fr\/194696\/"},"modified":"2025-06-22T00:55:45","modified_gmt":"2025-06-22T00:55:45","slug":"toutes-les-lignes-arretees-une-vingtaine-de-minutes","status":"publish","type":"post","link":"https:\/\/www.europesays.com\/fr\/194696\/","title":{"rendered":"toutes les lignes arr\u00eat\u00e9es une vingtaine de minutes"},"content":{"rendered":"\n<p>Vendredi 20 juin 2025, vers 10h, une femme enceinte a fait un malaise dans le tram T1, direction H\u00f4pital Nord \u00e0 Saint-Etienne. Ce sont des passagers qui ont ensuite pr\u00e9venu le chauffeur du tramway, ce qui a conduit \u00e0 l&rsquo;immobilisation de celui-ci. Les pompiers sont actuellement en intervention et l&rsquo;ensemble des trois lignes et dans les deux sens de circulation. La femme enceinte est prise en charge par les secours et le trafic devrait reprendre bient\u00f4t.<\/p>\n<p>\u00a0<\/p>\n<p>Contact\u00e9e, la STAS, le service de transport de Saint-Etienne, a assur\u00e9 que le trafic reprendra petit \u00e0 petit : d&rsquo;abord le T2 et les autres lignes vont suivre.<\/p>\n","protected":false},"excerpt":{"rendered":"Vendredi 20 juin 2025, vers 10h, une femme enceinte a fait un malaise dans le tram T1, direction&hellip;\n","protected":false},"author":2,"featured_media":194697,"comment_status":"","ping_status":"","sticky":false,"template":"","format":"standard","meta":{"footnotes":""},"categories":[9653],"tags":[1111,11,2430,1777,674,1011,27,33354,33355,12,5461,25,4001,24434,1097,2221],"class_list":{"0":"post-194696","1":"post","2":"type-post","3":"status-publish","4":"format-standard","5":"has-post-thumbnail","7":"category-saint-etienne","8":"tag-actu","9":"tag-actualites","10":"tag-auvergne-rhone-alpes","11":"tag-eu","12":"tag-europe","13":"tag-fr","14":"tag-france","15":"tag-incident-voyageur","16":"tag-malaise","17":"tag-news","18":"tag-perturbation","19":"tag-republique-francaise","20":"tag-saint-etienne","21":"tag-stas","22":"tag-trafic","23":"tag-tram"},"share_on_mastodon":{"url":"https:\/\/pubeurope.com\/@fr\/114724295451098286","error":""},"_links":{"self":[{"href":"https:\/\/www.europesays.com\/fr\/wp-json\/wp\/v2\/posts\/194696","targetHints":{"allow":["GET"]}}],"collection":[{"href":"https:\/\/www.europesays.com\/fr\/wp-json\/wp\/v2\/posts"}],"about":[{"href":"https:\/\/www.europesays.com\/fr\/wp-json\/wp\/v2\/types\/post"}],"author":[{"embeddable":true,"href":"https:\/\/www.europesays.com\/fr\/wp-json\/wp\/v2\/users\/2"}],"replies":[{"embeddable":true,"href":"https:\/\/www.europesays.com\/fr\/wp-json\/wp\/v2\/comments?post=194696"}],"version-history":[{"count":0,"href":"https:\/\/www.europesays.com\/fr\/wp-json\/wp\/v2\/posts\/194696\/revisions"}],"wp:featuredmedia":[{"embeddable":true,"href":"https:\/\/www.europesays.com\/fr\/wp-json\/wp\/v2\/media\/194697"}],"wp:attachment":[{"href":"https:\/\/www.europesays.com\/fr\/wp-json\/wp\/v2\/media?parent=194696"}],"wp:term":[{"taxonomy":"category","embeddable":true,"href":"https:\/\/www.europesays.com\/fr\/wp-json\/wp\/v2\/categories?post=194696"},{"taxonomy":"post_tag","embeddable":true,"href":"https:\/\/www.europesays.com\/fr\/wp-json\/wp\/v2\/tags?post=194696"}],"curies":[{"name":"wp","href":"https:\/\/api.w.org\/{rel}","templated":true}]}}