{"id":194700,"date":"2025-06-22T00:57:20","date_gmt":"2025-06-22T00:57:20","guid":{"rendered":"https:\/\/www.europesays.com\/fr\/194700\/"},"modified":"2025-06-22T00:57:20","modified_gmt":"2025-06-22T00:57:20","slug":"frouard-la-game-night-est-de-retour-a-lermitage","status":"publish","type":"post","link":"https:\/\/www.europesays.com\/fr\/194700\/","title":{"rendered":"Frouard. La Game Night est de retour \u00e0 l\u2019Ermitage"},"content":{"rendered":"<p>Tr\u00e8s attendue des \u00ab\u00a0gamers\u00a0\u00bb, pr\u00e8s de 200 l\u2019an dernier, la Nuit du jeu est de retour le <strong>samedi 28\u00a0juin <\/strong> \u00e0 l\u2019espace Ermitage.<\/p>\n<p>Au programme\u00a0: escape game, jeux de strat\u00e9gie, r\u00e9tro gaming (jeux vid\u00e9o anciens), r\u00e9alit\u00e9 virtuelle, concours de baby-foot, Just Dance, sans oublier le traditionnel tournoi FIFA (inscription\u00a0: https\u00a0:\/\/forms.gle\/XvUaFDUMyLuDbbbq9). L\u2019entr\u00e9e est gratuite et il sera possible de se restaurer sur place. Nuit du jeu\u00a0: de 18\u00a0h \u00e0 23\u00a0h, \u00e0 l\u2019espace Ermitage, 99 avenue de la Lib\u00e9ration.<\/p>\n","protected":false},"excerpt":{"rendered":"Tr\u00e8s attendue des \u00ab\u00a0gamers\u00a0\u00bb, pr\u00e8s de 200 l\u2019an dernier, la Nuit du jeu est de retour le samedi&hellip;\n","protected":false},"author":2,"featured_media":194701,"comment_status":"","ping_status":"","sticky":false,"template":"","format":"standard","meta":{"footnotes":""},"categories":[9635],"tags":[1111,11,9661,1687,1704,1777,674,1011,27,9660,775,1702,12,25],"class_list":{"0":"post-194700","1":"post","2":"type-post","3":"status-publish","4":"format-standard","5":"has-post-thumbnail","7":"category-nancy","8":"tag-actu","9":"tag-actualites","10":"tag-cc-du-bassin-de-pompey-54b1","11":"tag-culture-loisirs","12":"tag-edition-nancy-et-agglomeration","13":"tag-eu","14":"tag-europe","15":"tag-fr","16":"tag-france","17":"tag-frouard","18":"tag-grand-est","19":"tag-nancy","20":"tag-news","21":"tag-republique-francaise"},"share_on_mastodon":{"url":"https:\/\/pubeurope.com\/@fr\/114724303266900013","error":""},"_links":{"self":[{"href":"https:\/\/www.europesays.com\/fr\/wp-json\/wp\/v2\/posts\/194700","targetHints":{"allow":["GET"]}}],"collection":[{"href":"https:\/\/www.europesays.com\/fr\/wp-json\/wp\/v2\/posts"}],"about":[{"href":"https:\/\/www.europesays.com\/fr\/wp-json\/wp\/v2\/types\/post"}],"author":[{"embeddable":true,"href":"https:\/\/www.europesays.com\/fr\/wp-json\/wp\/v2\/users\/2"}],"replies":[{"embeddable":true,"href":"https:\/\/www.europesays.com\/fr\/wp-json\/wp\/v2\/comments?post=194700"}],"version-history":[{"count":0,"href":"https:\/\/www.europesays.com\/fr\/wp-json\/wp\/v2\/posts\/194700\/revisions"}],"wp:featuredmedia":[{"embeddable":true,"href":"https:\/\/www.europesays.com\/fr\/wp-json\/wp\/v2\/media\/194701"}],"wp:attachment":[{"href":"https:\/\/www.europesays.com\/fr\/wp-json\/wp\/v2\/media?parent=194700"}],"wp:term":[{"taxonomy":"category","embeddable":true,"href":"https:\/\/www.europesays.com\/fr\/wp-json\/wp\/v2\/categories?post=194700"},{"taxonomy":"post_tag","embeddable":true,"href":"https:\/\/www.europesays.com\/fr\/wp-json\/wp\/v2\/tags?post=194700"}],"curies":[{"name":"wp","href":"https:\/\/api.w.org\/{rel}","templated":true}]}}