{"id":194710,"date":"2025-06-22T01:02:20","date_gmt":"2025-06-22T01:02:20","guid":{"rendered":"https:\/\/www.europesays.com\/fr\/194710\/"},"modified":"2025-06-22T01:02:20","modified_gmt":"2025-06-22T01:02:20","slug":"mercato-montpellier-suit-toujours-mohamed-zougrana","status":"publish","type":"post","link":"https:\/\/www.europesays.com\/fr\/194710\/","title":{"rendered":"[Mercato] Montpellier suit toujours Mohamed Zougrana"},"content":{"rendered":"<p>\u00c0 seulement 23 ans, <strong>Mohamed Zougrana<\/strong> fait d\u00e9j\u00e0 parler de lui comme l\u2019un des milieux de terrain les plus prometteurs du continent africain. \u00c9lement majeur du championnat alg\u00e9rien sous les couleurs du <strong>Mouloudia d\u2019Alger<\/strong>, le jeune international burkinab\u00e9 s\u2019impose comme une cible de choix pour plusieurs clubs europ\u00e9ens.<\/p>\n<p>En France, le <strong>MHSC<\/strong> n\u2019avait pas tard\u00e9 \u00e0 manifester son int\u00e9r\u00eat. Selon les informations recueillies par\u00a0Africafoot, le club h\u00e9raultais avait soumis une premi\u00e8re offre officielle de 1 million d\u2019euros au MCA l\u2019ann\u00e9e derni\u00e8re et continuerait de de s\u2019int\u00e9resser cet \u00e9t\u00e9 \u00e0 son profil.<\/p>\n<p>Cependant, la t\u00e2che s\u2019annonce loin d\u2019\u00eatre simple. Le pr\u00e9sident du Mouloudia, <strong>Hadj Redjem<\/strong>, consid\u00e8re Zougrana comme un \u00e9l\u00e9ment cl\u00e9 dans le projet du club. Le milieu de terrain est jug\u00e9 indispensable, et Alger n\u2019a pas l\u2019intention de le brader.<\/p>\n<p>Et comme si la concurrence n\u2019\u00e9tait pas d\u00e9j\u00e0 assez rude, le Stade Rennais suivant \u00e9galement le joueur, voil\u00e0 que le <strong>Lokomotiv Moscou<\/strong> se m\u00eale concretement au dossier. En difficult\u00e9 en championnat et \u00e0 la recherche d\u2019un nouveau souffle, le club russe veut frapper fort lors du mercato estival. Zougrana figure d\u00e9sormais parmi ses priorit\u00e9s.<\/p>\n<p>Aujourd\u2019hui \u00e9valu\u00e9 \u00e0 <strong>environ 700 000 euros<\/strong>, Mohamed Zougrana est bien plus qu\u2019une bonne affaire : c\u2019est un pari sur l\u2019avenir. Mohamed Zougrana n\u2019a peut-\u00eatre pas fini de faire parler de lui cet \u00e9t\u00e9.<\/p>\n","protected":false},"excerpt":{"rendered":"\u00c0 seulement 23 ans, Mohamed Zougrana fait d\u00e9j\u00e0 parler de lui comme l\u2019un des milieux de terrain les&hellip;\n","protected":false},"author":2,"featured_media":194711,"comment_status":"","ping_status":"","sticky":false,"template":"","format":"standard","meta":{"footnotes":""},"categories":[9599],"tags":[328,1111,11,1777,674,1011,27,1434,2208,12,2680,25],"class_list":{"0":"post-194710","1":"post","2":"type-post","3":"status-publish","4":"format-standard","5":"has-post-thumbnail","7":"category-montpellier","8":"tag-a-la-une","9":"tag-actu","10":"tag-actualites","11":"tag-eu","12":"tag-europe","13":"tag-fr","14":"tag-france","15":"tag-mercato","16":"tag-montpellier","17":"tag-news","18":"tag-occitanie","19":"tag-republique-francaise"},"share_on_mastodon":{"url":"https:\/\/pubeurope.com\/@fr\/114724322879161465","error":""},"_links":{"self":[{"href":"https:\/\/www.europesays.com\/fr\/wp-json\/wp\/v2\/posts\/194710","targetHints":{"allow":["GET"]}}],"collection":[{"href":"https:\/\/www.europesays.com\/fr\/wp-json\/wp\/v2\/posts"}],"about":[{"href":"https:\/\/www.europesays.com\/fr\/wp-json\/wp\/v2\/types\/post"}],"author":[{"embeddable":true,"href":"https:\/\/www.europesays.com\/fr\/wp-json\/wp\/v2\/users\/2"}],"replies":[{"embeddable":true,"href":"https:\/\/www.europesays.com\/fr\/wp-json\/wp\/v2\/comments?post=194710"}],"version-history":[{"count":0,"href":"https:\/\/www.europesays.com\/fr\/wp-json\/wp\/v2\/posts\/194710\/revisions"}],"wp:featuredmedia":[{"embeddable":true,"href":"https:\/\/www.europesays.com\/fr\/wp-json\/wp\/v2\/media\/194711"}],"wp:attachment":[{"href":"https:\/\/www.europesays.com\/fr\/wp-json\/wp\/v2\/media?parent=194710"}],"wp:term":[{"taxonomy":"category","embeddable":true,"href":"https:\/\/www.europesays.com\/fr\/wp-json\/wp\/v2\/categories?post=194710"},{"taxonomy":"post_tag","embeddable":true,"href":"https:\/\/www.europesays.com\/fr\/wp-json\/wp\/v2\/tags?post=194710"}],"curies":[{"name":"wp","href":"https:\/\/api.w.org\/{rel}","templated":true}]}}