{"id":194717,"date":"2025-06-22T01:10:31","date_gmt":"2025-06-22T01:10:31","guid":{"rendered":"https:\/\/www.europesays.com\/fr\/194717\/"},"modified":"2025-06-22T01:10:31","modified_gmt":"2025-06-22T01:10:31","slug":"a-18-ans-le-basketteur-joan-beringer-pourrait-integrer-la-nba","status":"publish","type":"post","link":"https:\/\/www.europesays.com\/fr\/194717\/","title":{"rendered":"\u00e0 18 ans, le basketteur Joan Beringer pourrait int\u00e9grer la NBA !"},"content":{"rendered":"<p><strong>Le 25 juin aura lieu, comme chaque ann\u00e9e, la draft de la NBA. C\u00e9r\u00e9monie charni\u00e8re du basketball am\u00e9ricain, elle verra 60 des meilleurs espoirs mondiaux \u00eatre affect\u00e9s dans les clubs de la ligue am\u00e9ricaine et (peut-\u00eatre) \u00e9voluer dans le championnat le plus prestigieux. Parmi eux figure Joan Beringer, jeune prodige strasbourgeois, et l\u2019histoire qui l\u2019a amen\u00e9 l\u00e0 est d\u00e9j\u00e0 hors norme.<\/strong><\/p>\n<p><strong>Le 25 juin prochain, sur la sc\u00e8ne du Barclays Center \u00e0 Brooklyn, ils seront 30 \u00e0 avoir le privil\u00e8ge d\u2019\u00eatre s\u00e9lectionn\u00e9s au premier tour de la draft (puis 30 au second tour)<\/strong>, grand-messe du basketball am\u00e9ricain.<\/p>\n<p>Ce soir-l\u00e0, serrer la main d\u2019Adam Silver, le big boss de la NBA, devant plusieurs millions de t\u00e9l\u00e9spectateurs\/rices, c\u2019est avoir <strong>l\u2019opportunit\u00e9 d\u2019int\u00e9grer le plus grand championnat de basketball<\/strong> au monde et marcher dans les pas des plus grands.<\/p>\n<p>                <img width=\"750\" height=\"500\" src=\"https:\/\/www.europesays.com\/fr\/wp-content\/uploads\/2025\/06\/eric-holcomb-2024-nba-all-star-game-indiana-4-750x500.jpg\" class=\"attachment-gallery size-gallery\" alt=\"Eric_Holcomb_2024_NBA_All_Star_Game_Indiana_4\" data-full-url=\"https:\/\/pokaa.fr\/wp-content\/uploads\/2025\/06\/19\/eric-holcomb-2024-nba-all-star-game-indiana-4.jpg\" decoding=\"async\" loading=\"lazy\"  \/>            <\/p>\n<p>                <img width=\"749\" height=\"500\" src=\"https:\/\/www.europesays.com\/fr\/wp-content\/uploads\/2025\/06\/pexels-jimmy-liao-3615017-12602140-749x500.jpg\" class=\"attachment-gallery size-gallery\" alt=\"pexels-jimmy-liao-3615017-12602140\" data-full-url=\"https:\/\/pokaa.fr\/wp-content\/uploads\/2025\/06\/19\/pexels-jimmy-liao-3615017-12602140.jpg\" decoding=\"async\" loading=\"lazy\"  \/>            <\/p>\n<p>                    1. Adam Silver. \u00a9 Eric Holcomb &#8211; domaine public \/ Photo d&rsquo;illustration ; 2. \u00a9 Jimmy Lao &#8211; Pexels \/ Photo d&rsquo;illustration<\/p>\n<p>Comme chaque ann\u00e9e, les meilleur(e)s analystes s\u2019en sont donn\u00e9 \u00e0 c\u0153ur joie pour nous livrer leurs pronostics les plus aiguis\u00e9s, au travers de ce que l\u2019on nomme les \u00ab mock draft \u00bb. <strong>Et il se trouve que parmi les favoris pour le premier tour, il y a un Strasbourgeois.<\/strong><\/p>\n<p>\u00ab Il jouait plut\u00f4t au basket pour d\u00e9conner \u00bb<\/p>\n<p>Ce qui fait la magie de cette histoire, c\u2019est que <strong><a href=\"https:\/\/www.instagram.com\/joanbrg1\/?locale=fr&amp;hl=ar\" target=\"_blank\" rel=\"noopener\">Joan Beringer<\/a> s\u2019inscrit pour la premi\u00e8re fois dans un club de basket il y a seulement un peu plus de trois ans.<\/strong><\/p>\n<p>Lors de ses ann\u00e9es au coll\u00e8ge Kl\u00e9ber, Joan fait la rencontre d\u2019Ulysse. Dans leur classe, pas mal d\u2019\u00e9l\u00e8ves jouent au basket. Alors, lorsqu\u2019ils ont des trous dans leur emploi du temps, ils en profitent pour mettre des paniers. Ulysse se souvient : <strong>\u00ab Joan nous suivait, sauf qu\u2019il \u00e9tait focus sur le foot. Il jouait plut\u00f4t au basket pour d\u00e9conner, il n\u2019\u00e9tait pas tr\u00e8s bon au d\u00e9but. \u00bb<\/strong><\/p>\n<p>                <img width=\"596\" height=\"500\" src=\"https:\/\/www.europesays.com\/fr\/wp-content\/uploads\/2025\/06\/8981f161-b782-4ec3-849d-01970673a65f-596x500.png\" class=\"attachment-gallery size-gallery\" alt=\"8981f161-b782-4ec3-849d-01970673a65f\" data-full-url=\"https:\/\/pokaa.fr\/wp-content\/uploads\/2025\/06\/19\/8981f161-b782-4ec3-849d-01970673a65f.png\" decoding=\"async\" loading=\"lazy\"  \/>            <\/p>\n<p>                <img width=\"460\" height=\"500\" src=\"https:\/\/www.europesays.com\/fr\/wp-content\/uploads\/2025\/06\/e47d0d83-276f-4d38-90f7-9d2b5c57b6c1-460x500.jpg\" class=\"attachment-gallery size-gallery\" alt=\"e47d0d83-276f-4d38-90f7-9d2b5c57b6c1\" data-full-url=\"https:\/\/pokaa.fr\/wp-content\/uploads\/2025\/06\/19\/e47d0d83-276f-4d38-90f7-9d2b5c57b6c1.jpg\" decoding=\"async\" loading=\"lazy\"  \/>            <\/p>\n<p>                    Ulysse et Joan se sont rencontr\u00e9s au coll\u00e8ge. 1. \u00a9 Saint-Joseph Basket \/ Document remis ; 2. \u00a9 Ulysse Salanon \/ Document remis<\/p>\n<p>Sauf qu\u2019un d\u00e9tail vestimentaire vient corser les choses : Joan fait plus de deux m\u00e8tres et, forc\u00e9ment, il a les pieds qui vont avec. C\u2019est l\u00e0 que le b\u00e2t blesse : <strong>trouver des crampons en taille 51, ce n\u2019est pas une mince affaire. <\/strong>En fait, la production s\u2019arr\u00eate \u00e0 50,5.<\/p>\n<p>Alors Joan abandonne le football. Fervent catholique, il fait la rencontre d\u2019un homme, \u00e0 l\u2019\u00e9glise, qui lui conseille de tenter sa chance au basket, du fait de sa taille impressionnante.<\/p>\n<p>    <img width=\"800\" height=\"600\" src=\"https:\/\/www.europesays.com\/fr\/wp-content\/uploads\/2025\/04\/img_2849.jpg\" class=\"attachment-image-size-L size-image-size-L\" alt=\"football Ballons et accessoires pour entra\u00eenement\" decoding=\"async\" loading=\"lazy\"  \/>         \u00a9 Nicolas Kaspar \/ Pokaa <\/p>\n<p><strong>C\u2019est son ami Ulysse, licenci\u00e9 \u00e0 Saint-Joseph Strasbourg <\/strong>\u2013 Saint-Jo pour les intimes \u2013 \u00e0 l\u2019Esplanade,<strong> qui lui donne le contact de Lilian, son entraineur de basket. <\/strong>Puis il l\u2019am\u00e8ne aux entrainements.<\/p>\n<p>\u00ab On a un ph\u00e9nom\u00e8ne \u00bb<\/p>\n<p><strong>Lilian Oumiloud entra\u00eene alors l\u2019\u00e9quipe des cadets \u2013 dont les joueurs sont \u00e2g\u00e9s de 15 \u00e0 17 ans.<\/strong> Il se souvient de la fois o\u00f9 il a vu arriver ce grand gaillard qui n\u2019avait jamais jou\u00e9 s\u00e9rieusement de sa vie : \u00ab Moi je l\u2019ai pris avant tout parce qu\u2019il faisait deux m\u00e8tres cinq, je ne pouvais pas lui dire rentre chez toi. \u00bb Il faut alors tout lui apprendre, comme on le fait avec les plus petit(e)s.<\/p>\n<p>Lilian garde en t\u00eate les premiers pas de Joan dans le gymnase Louvois, \u00e0 l\u2019Esplanade : \u00ab\u00a0De temps en temps, lorsqu\u2019il faisait les entrainements individuels avec moi, il allait sur les c\u00f4t\u00e9s avec les poussins. <strong>Donc il \u00e9tait l\u00e0, deux m\u00e8tres cinq, et faisait les m\u00eames exercices \u00e0 c\u00f4t\u00e9 des poussins qui faisaient un m\u00e8tre. C\u2019\u00e9tait marrant, tout le monde le regardait.<\/strong>\u00a0\u00bb<\/p>\n<p>                <img width=\"469\" height=\"500\" src=\"https:\/\/www.europesays.com\/fr\/wp-content\/uploads\/2025\/06\/image0-469x500.jpeg\" class=\"attachment-gallery size-gallery\" alt=\"image0\" data-full-url=\"https:\/\/pokaa.fr\/wp-content\/uploads\/2025\/06\/19\/image0.jpeg\" decoding=\"async\" loading=\"lazy\"  \/>            <\/p>\n<p>                <img width=\"667\" height=\"500\" src=\"https:\/\/www.europesays.com\/fr\/wp-content\/uploads\/2025\/06\/img-0853-667x500.jpg\" class=\"attachment-gallery size-gallery\" alt=\"IMG_0853\" data-full-url=\"https:\/\/pokaa.fr\/wp-content\/uploads\/2025\/06\/19\/img-0853.jpg\" decoding=\"async\" loading=\"lazy\"  \/>            <\/p>\n<p>                    \u00a9 Saint-Joseph Basket \/ Documents remis<\/p>\n<blockquote><p>\n        J\u2019ai boss\u00e9 avec lui comme un d\u00e9butant\u00a0: les m\u00eames entrainements que les poussins qui ont 8-10 ans, donc les fondamentaux, les dribbles etc.    <\/p><\/blockquote>\n<p>            Lilian Oumiloud, entraineur \u00e0 Saint-Joseph Strasbourg<\/p>\n<p>Si ce genre de situation a pu faire sourire, c\u2019est sa progression fulgurante que retient l\u2019entraineur : tr\u00e8s vite, l\u2019adolescent montre des capacit\u00e9s suffisantes pour jouer avec les cadets du club \u00e0 un niveau r\u00e9gional. <strong>\u00ab<\/strong><strong>\u00a0Il progressait tellement vite qu\u2019on a ensuite appel\u00e9 la SIG et on leur a dit : on a un ph\u00e9nom\u00e8ne. Prenez-le, il n\u2019a plus rien \u00e0 faire chez nous. \u00bb<\/strong><\/p>\n<p>Moins d\u2019un an apr\u00e8s avoir vraiment touch\u00e9 un ballon de basket pour la premi\u00e8re fois, Joan Beringer int\u00e8gre alors la SIG. Il joue \u00e0 un niveau national, <strong>\u00e7a y est\u00a0: la machine est lanc\u00e9e.<\/strong><\/p>\n<p>    <img width=\"800\" height=\"640\" src=\"https:\/\/www.europesays.com\/fr\/wp-content\/uploads\/2025\/06\/img-0883-800x640.jpg\" class=\"attachment-image-size-L size-image-size-L\" alt=\"IMG_0883\" decoding=\"async\" loading=\"lazy\"  \/>         \u00a9 Compte X de Cedevita Olimpija \/ Capture d&rsquo;\u00e9cran <\/p>\n<p>Tout s\u2019acc\u00e9l\u00e8re\u00a0: l\u2019ann\u00e9e suivante, <strong>le jeune joueur strasbourgeois signe en pro et s\u2019envole pour la Slov\u00e9nie o\u00f9 il rejoint le Cedevita Olimpija \u00e0 Ljubljana<\/strong>. L\u00e0-bas, il \u00e9volue sous la direction de Mitrovic, entraineur de r\u00e9putation internationale, reconnu pour son exigence.<\/p>\n<p>Tandis qu\u2019il ne doit int\u00e9grer que l\u2019\u00e9quipe de r\u00e9serve, ses performances impressionnantes lui offrent une titularisation en quatre mois seulement<strong>. Deux ans apr\u00e8s Saint-Jo, il brille en Ligue Adriatique et en Eurocup. En 2024, il int\u00e8gre l\u2019\u00e9quipe de France en\u00a0 championnat d\u2019Europe.<\/strong><\/p>\n<p>Tout ce petit chemin nous am\u00e8ne au printemps 2025. <strong>Joan Beringer prend la d\u00e9cision qui pourrait bouleverser son destin et annonce son inscription \u00e0 la draft de la NBA. <\/strong>On est \u00e0 peine un peu plus de trois ans apr\u00e8s l\u2019histoire des crampons trop petits.<\/p>\n<p>                <img width=\"400\" height=\"500\" src=\"https:\/\/www.europesays.com\/fr\/wp-content\/uploads\/2025\/06\/img-0882-400x500.jpg\" class=\"attachment-gallery size-gallery\" alt=\"IMG_0882\" data-full-url=\"https:\/\/pokaa.fr\/wp-content\/uploads\/2025\/06\/19\/img-0882.jpg\" decoding=\"async\" loading=\"lazy\"  \/>            <\/p>\n<p>                <img width=\"333\" height=\"500\" src=\"https:\/\/www.europesays.com\/fr\/wp-content\/uploads\/2025\/06\/img-0880-333x500.jpg\" class=\"attachment-gallery size-gallery\" alt=\"IMG_0880\" data-full-url=\"https:\/\/pokaa.fr\/wp-content\/uploads\/2025\/06\/19\/img-0880.jpg\" decoding=\"async\" loading=\"lazy\"  \/>            <\/p>\n<p>                    \u00a9 Compte X de Cedevita Olimpija \/ Captures d&rsquo;\u00e9cran<\/p>\n<p>    <img width=\"800\" height=\"600\" src=\"https:\/\/www.europesays.com\/fr\/wp-content\/uploads\/2025\/06\/202122-aba-league-partizan-cedevita-olimpija-2-800x600.jpg\" class=\"attachment-image-size-L size-image-size-L\" alt=\"2021\u201322_ABA_League,_Partizan_-_Cedevita_Olimpija_(2)\" decoding=\"async\" loading=\"lazy\"  \/>          La Cedevita Olimpija \u00e9voluant en ABA League. \u00a9 Marko Stanojevi\u0107 &#8211; Licence CC \/ Photo d&rsquo;illustration <\/p>\n<p>Dans les pas des g\u00e9ants<\/p>\n<p>Chaque ann\u00e9e, les analystes les plus redoutables d\u00e9cortiquent les performances de chacun des joueurs inscrits pour livrer des pr\u00e9visions g\u00e9n\u00e9ralement fiables. <strong>Selon toutes les tendances, les pronostics sont clairs\u00a0: Joan Beringer se verra draft\u00e9 au premier tour\u2026 et \u00e7a, \u00e7a va bouleverser sa carri\u00e8re.<\/strong><\/p>\n<p>\u00catre draft\u00e9, <strong>c\u2019est marcher dans les pas de Tony Parker \u2013 pris par les San Antonio Spurs en 2001<\/strong>\u00a0; c\u2019est suivre <strong>Nicolas Batum<\/strong>, <strong>Evan Fournier<\/strong>, <strong>Rudy Gobert<\/strong> ou plus r\u00e9cemment <strong>Victor Wembanyama<\/strong> au panth\u00e9on des joueurs fran\u00e7ais qui ont fait vibrer les stades am\u00e9ricains.<\/p>\n<p><strong>En 2017 d\u00e9j\u00e0, tout Strasbourg \u00e9tait derri\u00e8re Frank Ntilikina, draft\u00e9 en 8e position par les New York Knicks. <\/strong>Et celui qui s\u2019est depuis impos\u00e9 comme un symbole de r\u00e9ussite pour les jeunes basketteurs\/ses fran\u00e7ais(es)<strong> a aussi mis ses premiers paniers dans cette petite salle au fin fond du quartier de l\u2019Esplanade, \u00e0 Saint-Joseph. <\/strong><\/p>\n<\/p>\n<p>Petit club familial et d\u2019esprit formateur, Saint-Joseph est \u00ab\u00a0<strong>le seul club en Alsace, voire en France, qui peut dire qu\u2019en moins de dix ans il a envoy\u00e9 deux joueurs en NBA<\/strong>, m\u00eame les clubs pro ne peuvent pas dire \u00e7a\u00a0\u00bb, revendique Lilian Oumiloud avec une fiert\u00e9 non dissimul\u00e9e.<\/p>\n<p><strong>Lui a d\u00e9j\u00e0 pr\u00e9vu de passer la nuit du 25 juin prochain sur son canap\u00e9<\/strong> pour suivre la probable cons\u00e9cration de son ancien joueur, fiert\u00e9 du club et de la capitale alsacienne. Tout comme Ulysse, qui suivra la c\u00e9r\u00e9monie \u00e0 distance, car la NBA a restreint les invitations \u00e0 la famille proche, apparemment \u00e0 la suite des nouvelles r\u00e9formes\u2026 d\u2019un certain Trump.<\/p>\n<p><strong>On a h\u00e2te de conna\u00eetre le prochain chapitre de cette belle aventure !<\/strong><\/p>\n<p>    <img width=\"800\" height=\"600\" src=\"https:\/\/www.europesays.com\/fr\/wp-content\/uploads\/2025\/06\/pexels-corleone-brown-2930373-4500123-800x600.jpg\" class=\"attachment-image-size-L size-image-size-L\" alt=\"pexels-corleone-brown-2930373-4500123\" decoding=\"async\" loading=\"lazy\"  \/>         \u00a9 Corleone Brown &#8211; Pexels \/ Photo d&rsquo;illustration <\/p>\n<p><script async src=\"\/\/www.instagram.com\/embed.js\"><\/script><\/p>\n","protected":false},"excerpt":{"rendered":"Le 25 juin aura lieu, comme chaque ann\u00e9e, la draft de la NBA. C\u00e9r\u00e9monie charni\u00e8re du basketball am\u00e9ricain,&hellip;\n","protected":false},"author":2,"featured_media":194718,"comment_status":"","ping_status":"","sticky":false,"template":"","format":"standard","meta":{"footnotes":""},"categories":[2820],"tags":[1111,11,1465,1464,827,33356,1777,674,1011,27,775,33357,2182,12,25,15805,517,640],"class_list":{"0":"post-194717","1":"post","2":"type-post","3":"status-publish","4":"format-standard","5":"has-post-thumbnail","7":"category-strasbourg","8":"tag-actu","9":"tag-actualites","10":"tag-basket","11":"tag-basketball","12":"tag-competition","13":"tag-draft","14":"tag-eu","15":"tag-europe","16":"tag-fr","17":"tag-france","18":"tag-grand-est","19":"tag-joan-beringer","20":"tag-nba","21":"tag-news","22":"tag-republique-francaise","23":"tag-saint-joseph","24":"tag-sport","25":"tag-strasbourg"},"share_on_mastodon":{"url":"https:\/\/pubeurope.com\/@fr\/114724354887009143","error":""},"_links":{"self":[{"href":"https:\/\/www.europesays.com\/fr\/wp-json\/wp\/v2\/posts\/194717","targetHints":{"allow":["GET"]}}],"collection":[{"href":"https:\/\/www.europesays.com\/fr\/wp-json\/wp\/v2\/posts"}],"about":[{"href":"https:\/\/www.europesays.com\/fr\/wp-json\/wp\/v2\/types\/post"}],"author":[{"embeddable":true,"href":"https:\/\/www.europesays.com\/fr\/wp-json\/wp\/v2\/users\/2"}],"replies":[{"embeddable":true,"href":"https:\/\/www.europesays.com\/fr\/wp-json\/wp\/v2\/comments?post=194717"}],"version-history":[{"count":0,"href":"https:\/\/www.europesays.com\/fr\/wp-json\/wp\/v2\/posts\/194717\/revisions"}],"wp:featuredmedia":[{"embeddable":true,"href":"https:\/\/www.europesays.com\/fr\/wp-json\/wp\/v2\/media\/194718"}],"wp:attachment":[{"href":"https:\/\/www.europesays.com\/fr\/wp-json\/wp\/v2\/media?parent=194717"}],"wp:term":[{"taxonomy":"category","embeddable":true,"href":"https:\/\/www.europesays.com\/fr\/wp-json\/wp\/v2\/categories?post=194717"},{"taxonomy":"post_tag","embeddable":true,"href":"https:\/\/www.europesays.com\/fr\/wp-json\/wp\/v2\/tags?post=194717"}],"curies":[{"name":"wp","href":"https:\/\/api.w.org\/{rel}","templated":true}]}}