{"id":194719,"date":"2025-06-22T01:12:19","date_gmt":"2025-06-22T01:12:19","guid":{"rendered":"https:\/\/www.europesays.com\/fr\/194719\/"},"modified":"2025-06-22T01:12:19","modified_gmt":"2025-06-22T01:12:19","slug":"cette-arnaque-bien-rodee-sevit-sur-la-cote-dazur-un-appel-a-la-vigilance-lance","status":"publish","type":"post","link":"https:\/\/www.europesays.com\/fr\/194719\/","title":{"rendered":"Cette arnaque bien rod\u00e9e s\u00e9vit sur la C\u00f4te d&rsquo;Azur, un appel \u00e0 la vigilance lanc\u00e9"},"content":{"rendered":"<p>            Par<br \/>\n        <strong><br \/>\n            <a href=\"https:\/\/actu.fr\/auteur\/ugo-maillard\" title=\"Consulter tous les articles de Ugo Maillard\" rel=\"nofollow noopener\" target=\"_blank\">Ugo Maillard<\/a><br \/>\n        <\/strong><\/p>\n<p>        Publi\u00e9 le<\/p>\n<p>            21 juin 2025 \u00e0 8h16        <\/p>\n<p>Lors de ce mois de juin 2025, le gouvernement de la Principaut\u00e9 de Monaco appelle \u00e0 la vigilance. Depuis plusieurs jours, des signalements sont effectu\u00e9s aux forces de police pour remonter une tentative d\u2019arnaque qui s\u00e9vit.<\/p>\n<p class=\" wall-content\">Selon les autorit\u00e9s mon\u00e9gasques qui ont transmis ses informations \u00e0 <a href=\"https:\/\/actu.fr\/nice\/\" rel=\"nofollow noopener\" target=\"_blank\">actu Nice<\/a>, les malfrats <strong>usurpent l\u2019identit\u00e9 de hautes personnalit\u00e9s de la Principaut\u00e9<\/strong> et tentent d\u2019entrer en contact avec des relations personnelles de celles-ci, des dirigeants de soci\u00e9t\u00e9 ou des personnes \u00e0 responsabilit\u00e9s, notamment par message \u00e9lectronique, SMS ou visio-conf\u00e9rence au moyen d\u2019application de type WhatsApp.<\/p>\n<p class=\" wall-content\">Une fois la prise de contact \u00e9tablie, le but est de<strong> soutirer des fonds<\/strong> aux victimes.<\/p>\n<p>Une mise en sc\u00e8ne<\/p>\n<p class=\" wall-content\">La mani\u00e8re d\u2019op\u00e9rer est \u00e9labor\u00e9e. Les arnaqueurs transmettent \u00e0 leur future victime des documents \u00e0 l\u2019ent\u00eate d\u2019organismes officiels de <a href=\"https:\/\/actu.fr\/faits-divers\/monaco-tous-les-passagers-controles-les-policiers-tombent-sur-de-la-drogue_62672681.html\" rel=\"nofollow noopener\" target=\"_blank\">Monaco<\/a>. \u00ab\u00a0Les appels peuvent afficher le num\u00e9ro du standard t\u00e9l\u00e9phonique de ces organismes\u00a0\u00bb, pr\u00e9cisent les services officiels de la principaut\u00e9.<\/p>\n<p class=\" wall-content\">Tout ce stratag\u00e8me\u00a0a pour but d\u2019obtenir, sous pr\u00e9texte de r\u00e9gler un probl\u00e8me financier urgent, des transferts de fonds vers des <strong>comptes bancaires ouverts \u00e0 l\u2019\u00e9tranger<\/strong>.<\/p>\n<p>Vid\u00e9os : en ce moment sur ActuDes num\u00e9ros et mails pour se prot\u00e9ger<\/p>\n<p class=\" wall-content\">Hormis un appel \u00e0 la vigilance, la Direction de la S\u00fbret\u00e9 Publique de Monaco invite \u00e0 demeurer tr\u00e8s prudent et sceptique face \u00e0 ce genre de communication Inhabituelle et \u00e0 proc\u00e9der \u00e0 toute v\u00e9rification directe et certaine.<\/p>\n<p class=\" wall-content\">En cas de doute, il est possible de contacter la Division de police judiciaire au <strong>+377 93 15 30 15 ou <a href=\"https:\/\/actu.fr\/cdn-cgi\/l\/email-protection\" class=\"__cf_email__\" data-cfemail=\"a4c7d7c7cbe4c3cbd1d28ac9c7\" rel=\"nofollow noopener\" target=\"_blank\">[email\u00a0protected]<\/a><\/strong>.<\/p>\n<p class=\" wall-content\">Suivez toute l\u2019actualit\u00e9 de vos villes et m\u00e9dias favoris en vous inscrivant \u00e0 <a href=\"https:\/\/moncompte.actu.fr\" title=\"D\u00e9couvez Mon Actu\" rel=\"nofollow noopener\" data-trk=\"{&quot;cta&quot;:{&quot;action&quot;:&quot;https:\\\/\\\/moncompte.actu.fr&quot;,&quot;category&quot;:&quot;mon compte&quot;,&quot;from&quot;:&quot;article footer&quot;,&quot;name&quot;:&quot;Mon actu&quot;,&quot;type&quot;:&quot;cta&quot;}}\" target=\"_blank\">Mon Actu<\/a>.<\/p>\n","protected":false},"excerpt":{"rendered":"Par Ugo Maillard Publi\u00e9 le 21 juin 2025 \u00e0 8h16 Lors de ce mois de juin 2025, le&hellip;\n","protected":false},"author":2,"featured_media":194720,"comment_status":"","ping_status":"","sticky":false,"template":"","format":"standard","meta":{"footnotes":""},"categories":[2819],"tags":[1111,11,3514,1777,674,118,1011,27,12,2401,1072,882,25],"class_list":{"0":"post-194719","1":"post","2":"type-post","3":"status-publish","4":"format-standard","5":"has-post-thumbnail","7":"category-nice","8":"tag-actu","9":"tag-actualites","10":"tag-arnaque","11":"tag-eu","12":"tag-europe","13":"tag-faits-divers","14":"tag-fr","15":"tag-france","16":"tag-news","17":"tag-nice","18":"tag-police","19":"tag-provence-alpes-cote-dazur","20":"tag-republique-francaise"},"share_on_mastodon":{"url":"https:\/\/pubeurope.com\/@fr\/114724362204467001","error":""},"_links":{"self":[{"href":"https:\/\/www.europesays.com\/fr\/wp-json\/wp\/v2\/posts\/194719","targetHints":{"allow":["GET"]}}],"collection":[{"href":"https:\/\/www.europesays.com\/fr\/wp-json\/wp\/v2\/posts"}],"about":[{"href":"https:\/\/www.europesays.com\/fr\/wp-json\/wp\/v2\/types\/post"}],"author":[{"embeddable":true,"href":"https:\/\/www.europesays.com\/fr\/wp-json\/wp\/v2\/users\/2"}],"replies":[{"embeddable":true,"href":"https:\/\/www.europesays.com\/fr\/wp-json\/wp\/v2\/comments?post=194719"}],"version-history":[{"count":0,"href":"https:\/\/www.europesays.com\/fr\/wp-json\/wp\/v2\/posts\/194719\/revisions"}],"wp:featuredmedia":[{"embeddable":true,"href":"https:\/\/www.europesays.com\/fr\/wp-json\/wp\/v2\/media\/194720"}],"wp:attachment":[{"href":"https:\/\/www.europesays.com\/fr\/wp-json\/wp\/v2\/media?parent=194719"}],"wp:term":[{"taxonomy":"category","embeddable":true,"href":"https:\/\/www.europesays.com\/fr\/wp-json\/wp\/v2\/categories?post=194719"},{"taxonomy":"post_tag","embeddable":true,"href":"https:\/\/www.europesays.com\/fr\/wp-json\/wp\/v2\/tags?post=194719"}],"curies":[{"name":"wp","href":"https:\/\/api.w.org\/{rel}","templated":true}]}}