{"id":194722,"date":"2025-06-22T01:14:08","date_gmt":"2025-06-22T01:14:08","guid":{"rendered":"https:\/\/www.europesays.com\/fr\/194722\/"},"modified":"2025-06-22T01:14:08","modified_gmt":"2025-06-22T01:14:08","slug":"fete-de-la-musique-a-nantes-des-renforts-pour-eviter-que-des-gens-se-jettent-a-leau","status":"publish","type":"post","link":"https:\/\/www.europesays.com\/fr\/194722\/","title":{"rendered":"F\u00eate de la Musique \u00e0 Nantes : des renforts pour \u00e9viter que \u00ab\u00a0des gens se jettent \u00e0 l\u2019eau\u00a0\u00bb"},"content":{"rendered":"<p>Ils vont patrouiller une bonne partie de la nuit.<\/p>\n<p>Dans la nuit du samedi 21 au dimanche 22 juin 2025, la S\u00e9curit\u00e9 nautique Atlantique (SNA), membre de la F\u00e9d\u00e9ration fran\u00e7aise de sauvetage et de secourisme, mobilise trois embarcations. Au total, neuf nageurs sauveteurs vont ainsi patrouiller sur l\u2019Erdre, de 20 h \u00e0 minuit ainsi, que sur la Loire, le long du quai des Antilles de 20 h \u00e0 5 h, non loin de l\u2019autre quai <a href=\"https:\/\/nantes.maville.com\/actu\/actudet_-mort-de-steve-le-parquet-ne-fait-pas-appel-l-innocence-du-commissaire-definitivement-etablie-_8-6479835_actu.Htm\" target=\"_self\" rel=\"noopener\">o\u00f9 Steve Maia Cani\u00e7o \u00e9tait mort noy\u00e9<\/a>, lors d\u2019une pr\u00e9c\u00e9dente f\u00eate de la Musique.<\/p>\n<p>Des risques li\u00e9s au manque de profondeur<\/p>\n<p>L\u2019Erdre est peu profonde avec, par endroits, des barri\u00e8res et des v\u00e9los qui peuvent blesser en cas de chute dans l\u2019eau, pointe un sauveteur de la SNA. Sur ce point, ce dernier rappelle que <a href=\"https:\/\/nantes.maville.com\/info\/info-locale\/video-des-lyceens-sautent-d-un-pont-pour-feter-la-fin-des-cours-avant-l-arrivee-de-la-police-d2f58afb-482c-3c42-a01b-70fc778f060c\" target=\"_self\" rel=\"noopener\">les plongeons depuis le pont Saint-Mihiel pour, par exemple, f\u00eater la fin des examens, ne sont pas d\u00e9nu\u00e9s de risques.<\/a><\/p>\n<p>Lutte contre l\u2019alcoolisation massive<\/p>\n<p>Le risque, c\u2019est que des gens alcoolis\u00e9s se jettent \u00e0 l\u2019eau poursuit-on au commissariat central de Waldeck-Rousseau.<\/p>\n<p>Dans le cadre de cette <a href=\"https:\/\/nantes.maville.com\/actu\/actudet_-canicule-a-nantes-des-evenements-annules-et-des-dispositifs-renforces-_8-6865080_actu.Htm\" target=\"_self\" rel=\"noopener\">f\u00eate de la Musique qui s\u2019annonce caniculaire<\/a>, pr\u00e8s de 180 policiers dont deux compagnies de CRS sont mobilis\u00e9es \u00e0 Nantes. Il s\u2019agit d\u2019un dispositif classique de s\u00e9curisation, avec une vigilance n\u00e9anmoins toute particuli\u00e8re envers le risque d\u2019alcoolisation massive.<\/p>\n<p>\u00a0<\/p>\n","protected":false},"excerpt":{"rendered":"Ils vont patrouiller une bonne partie de la nuit. Dans la nuit du samedi 21 au dimanche 22&hellip;\n","protected":false},"author":2,"featured_media":194723,"comment_status":"","ping_status":"","sticky":false,"template":"","format":"standard","meta":{"footnotes":""},"categories":[2818],"tags":[1111,11,4858,1777,674,7049,4768,1011,27,7397,27244,873,766,12,2636,33358,25],"class_list":{"0":"post-194722","1":"post","2":"type-post","3":"status-publish","4":"format-standard","5":"has-post-thumbnail","7":"category-nantes","8":"tag-actu","9":"tag-actualites","10":"tag-eau","11":"tag-eu","12":"tag-europe","13":"tag-eviter","14":"tag-fete","15":"tag-fr","16":"tag-france","17":"tag-gens","18":"tag-jettent","19":"tag-musique","20":"tag-nantes","21":"tag-news","22":"tag-pays-de-la-loire","23":"tag-renforts","24":"tag-republique-francaise"},"share_on_mastodon":{"url":"https:\/\/pubeurope.com\/@fr\/114724370429101826","error":""},"_links":{"self":[{"href":"https:\/\/www.europesays.com\/fr\/wp-json\/wp\/v2\/posts\/194722","targetHints":{"allow":["GET"]}}],"collection":[{"href":"https:\/\/www.europesays.com\/fr\/wp-json\/wp\/v2\/posts"}],"about":[{"href":"https:\/\/www.europesays.com\/fr\/wp-json\/wp\/v2\/types\/post"}],"author":[{"embeddable":true,"href":"https:\/\/www.europesays.com\/fr\/wp-json\/wp\/v2\/users\/2"}],"replies":[{"embeddable":true,"href":"https:\/\/www.europesays.com\/fr\/wp-json\/wp\/v2\/comments?post=194722"}],"version-history":[{"count":0,"href":"https:\/\/www.europesays.com\/fr\/wp-json\/wp\/v2\/posts\/194722\/revisions"}],"wp:featuredmedia":[{"embeddable":true,"href":"https:\/\/www.europesays.com\/fr\/wp-json\/wp\/v2\/media\/194723"}],"wp:attachment":[{"href":"https:\/\/www.europesays.com\/fr\/wp-json\/wp\/v2\/media?parent=194722"}],"wp:term":[{"taxonomy":"category","embeddable":true,"href":"https:\/\/www.europesays.com\/fr\/wp-json\/wp\/v2\/categories?post=194722"},{"taxonomy":"post_tag","embeddable":true,"href":"https:\/\/www.europesays.com\/fr\/wp-json\/wp\/v2\/tags?post=194722"}],"curies":[{"name":"wp","href":"https:\/\/api.w.org\/{rel}","templated":true}]}}