{"id":194734,"date":"2025-06-22T01:21:16","date_gmt":"2025-06-22T01:21:16","guid":{"rendered":"https:\/\/www.europesays.com\/fr\/194734\/"},"modified":"2025-06-22T01:21:16","modified_gmt":"2025-06-22T01:21:16","slug":"que-faire-ce-21-juin-et-meme-des-ce-vendredi-20-juin-2","status":"publish","type":"post","link":"https:\/\/www.europesays.com\/fr\/194734\/","title":{"rendered":"Que faire ce 21\u00a0juin (et m\u00eame d\u00e8s ce vendredi 20 juin)\u00a0?"},"content":{"rendered":"<p>Bonne nouvelle pour les infatigables des dancefloors\u00a0: Cette ann\u00e9e la <a href=\"https:\/\/www.20minutes.fr\/dossier\/fete_de_la_musique\" class=\"color-ultramarine c-link\" target=\"_blank\" rel=\"noopener\">F\u00eate de la Musique<\/a> tombe un samedi, auront remarqu\u00e9 les plus fins observateurs. Voil\u00e0 de quoi pousser la plus longue journ\u00e9e de l\u2019ann\u00e9e jusqu\u2019au bout de la nuit, \u00e0 <a href=\"https:\/\/www.20minutes.fr\/marseille\/\" class=\"color-ultramarine c-link\" target=\"_blank\" rel=\"noopener\">Marseille <\/a>par exemple avec cette petite proposition de programme concoct\u00e9e par 20 Minutes qui ne vous parlera pas du concert de David Guetta au V\u00e9lodrome, puisqu\u2019il est sold out.<\/p>\n<p>Une boum pour les petits au Talus<\/p>\n<p>Commen\u00e7ons ce programme d\u00e8s vendredi, avec une soir\u00e9e consacr\u00e9e aux plus petits (pas uniquement en vrai) par le Talus, un tiers-lieu m\u00ealant agriculture, restauration et programmation culturelle, situ\u00e9 dans le 12e\u00a0arrondissement.<\/p>\n<\/p>\n<p>L\u2019occasion donc de divertir ses enfants avec d\u00e8s 18 heures une boum organis\u00e9e la veille de la F\u00eate de la Musique, et de les fatiguer afin d\u2019\u00eatre tranquille le lendemain avec une grasse mat&rsquo; et avec l\u2019argument en principe imparable\u00a0: \u00ab\u00a0Hier c\u2019\u00e9tait pour les enfants, ce soir c\u2019est pour les grands.\u00a0\u00bb Bon, le lieu a tout de m\u00eame pr\u00e9vu quelques <a href=\"https:\/\/www.20minutes.fr\/dossier\/concert\" class=\"color-ultramarine c-link\" target=\"_blank\" rel=\"noopener\">concerts <\/a>rap en fin de soir\u00e9e, histoire de ne pas \u00eatre venu que pour Mortelle Ad\u00e8le.<\/p>\n<p>Bengous et Paga en attendant Candice et Soulking sur le Vieux-Port<\/p>\n<p>La sc\u00e8ne de la mairie logiquement situ\u00e9e devant l\u2019h\u00f4tel de ville sur le Vieux-Port devrait \u00eatre un des incontournables de ce 21\u00a0juin \u00e0 Marseille. S\u2019y produit notamment en ouverture un duo aussi baroque que finalement peu surprenant\u00a0: l\u2019influenceur Bengous en duo en Paga de l\u2019\u00e9mission Les Marseillais \u00e0 17 heures.<\/p>\n<p>Les choses plus s\u00e9rieuses commencent ensuite \u00e0 19 heures avec <a href=\"https:\/\/www.20minutes.fr\/arts-stars\/culture\/musique\/4138006-20250215-aussi-vecu-racisme-star-academy-confie-candice-sort-premier-ep\" class=\"color-ultramarine c-link\" target=\"_blank\" rel=\"noopener\">Candice, candidate 2023 de la \u00ab\u00a0Star Academy\u00a0\u00bb<\/a> et se cl\u00f4turent avec le chanteur alg\u00e9rien Soulking en t\u00eate d\u2019affiche.<\/p>\n<p>Un Petit biscuit \u00e0 Bor\u00e9ly\u00a0?<\/p>\n<p>Il fallait se lever t\u00f4t pour choper son billet gratos, puisque visiblement l\u2019\u00e9v\u00e9nement est complet quoiqu\u2019il soit possible d\u2019esp\u00e9rer que d\u2019\u00e9ventuelles entr\u00e9es soient remises en jeu ou disponibles aupr\u00e8s de personnes qui en auraient eu plusieurs.<\/p>\n<p>Reste que les plages Bor\u00e9ly sont \u00e0 n\u2019en pas douter l\u2019un des lieux phares de cette F\u00eate de la Musique, avec l\u2019organisation par Fun Radio de Dj Set et concerts confi\u00e9e \u00e0 Jungeli, The Avener, Petit Biscuit, Keblack ou encore Magic System.<\/p>\n<p>Du flamenco au fort d\u2019Entrecasteaux<\/p>\n<p>Les plus belles robes s\u00e9villanes de Marseille dominent le Vieux-Port ce samedi avec l\u2019organisation d\u2019une d\u00e9monstration de flamenco \u00e0 22h45 au fort d\u2019Entrecasteaux, rouvert l\u2019an dernier apr\u00e8s 360 ans d\u2019interdiction au public.<\/p>\n<p>La programmation de ce lieu offrant un cadre et une vue incroyable sur Marseille pr\u00e9voit \u00e9galement un peu plus t\u00f4t dans la soir\u00e9e un concert au croisement des r\u00e9pertoires des musiques klezmers et balkaniques.<\/p>\n<p><a href=\"https:\/\/www.20minutes.fr\/dossier\/fete_de_la_musique\" class=\"c-link c-btn c-btn--primary\" target=\"_blank\" rel=\"noopener\">Notre dossier F\u00eate de la Musique<\/a>La Zone du Cours Ju \u00e0 la Plaine<\/p>\n<p>Comment conclure cette petite proposition sans \u00e9voquer l\u2019in\u00e9narrable Cours Ju et la Plaine, principale zone de vie nocturne marseillaise\u00a0? Difficile ici pour 20 Minutes de vous donner des noms d\u2019artistes tant la musique devrait bien \u00eatre repr\u00e9sent\u00e9e dans chaque bar, restaurant et coin de trottoir.<\/p>\n<p>Et avec sa faune toute marseillaise, la Plaine et le Cours Ju sont bien \u00ab\u00a0la Zone\u00a0\u00bb en personne. Car \u00e0 n\u2019en pas douter, parmi toutes les sc\u00e8nes de rock, rap, chant, funk ou je-ne-sais-quoi-encore, il y aura bien quelques Dj pour diffuser un peu de Jul sur lequel s\u2019enjailler.<\/p>\n","protected":false},"excerpt":{"rendered":"Bonne nouvelle pour les infatigables des dancefloors\u00a0: Cette ann\u00e9e la F\u00eate de la Musique tombe un samedi, auront&hellip;\n","protected":false},"author":2,"featured_media":194735,"comment_status":"","ping_status":"","sticky":false,"template":"","format":"standard","meta":{"footnotes":""},"categories":[2814],"tags":[1111,11,885,17348,1697,251,33298,2883,1777,674,4768,25885,1011,27,1393,884,873,12,883,882,3616,1306,25,7040,1669,5896,1179],"class_list":{"0":"post-194734","1":"post","2":"type-post","3":"status-publish","4":"format-standard","5":"has-post-thumbnail","7":"category-marseille","8":"tag-actu","9":"tag-actualites","10":"tag-bouches-du-rhone","11":"tag-chant","12":"tag-concert","13":"tag-culture","14":"tag-david-guetta","15":"tag-ete","16":"tag-eu","17":"tag-europe","18":"tag-fete","19":"tag-fete-de-la-musique","20":"tag-fr","21":"tag-france","22":"tag-loisirs","23":"tag-marseille","24":"tag-musique","25":"tag-news","26":"tag-paca","27":"tag-provence-alpes-cote-dazur","28":"tag-rap","29":"tag-regions","30":"tag-republique-francaise","31":"tag-rock","32":"tag-sorties","33":"tag-tempo","34":"tag-vieux-port"},"share_on_mastodon":{"url":"https:\/\/pubeurope.com\/@fr\/114724397811684024","error":""},"_links":{"self":[{"href":"https:\/\/www.europesays.com\/fr\/wp-json\/wp\/v2\/posts\/194734","targetHints":{"allow":["GET"]}}],"collection":[{"href":"https:\/\/www.europesays.com\/fr\/wp-json\/wp\/v2\/posts"}],"about":[{"href":"https:\/\/www.europesays.com\/fr\/wp-json\/wp\/v2\/types\/post"}],"author":[{"embeddable":true,"href":"https:\/\/www.europesays.com\/fr\/wp-json\/wp\/v2\/users\/2"}],"replies":[{"embeddable":true,"href":"https:\/\/www.europesays.com\/fr\/wp-json\/wp\/v2\/comments?post=194734"}],"version-history":[{"count":0,"href":"https:\/\/www.europesays.com\/fr\/wp-json\/wp\/v2\/posts\/194734\/revisions"}],"wp:featuredmedia":[{"embeddable":true,"href":"https:\/\/www.europesays.com\/fr\/wp-json\/wp\/v2\/media\/194735"}],"wp:attachment":[{"href":"https:\/\/www.europesays.com\/fr\/wp-json\/wp\/v2\/media?parent=194734"}],"wp:term":[{"taxonomy":"category","embeddable":true,"href":"https:\/\/www.europesays.com\/fr\/wp-json\/wp\/v2\/categories?post=194734"},{"taxonomy":"post_tag","embeddable":true,"href":"https:\/\/www.europesays.com\/fr\/wp-json\/wp\/v2\/tags?post=194734"}],"curies":[{"name":"wp","href":"https:\/\/api.w.org\/{rel}","templated":true}]}}