{"id":194736,"date":"2025-06-22T01:22:10","date_gmt":"2025-06-22T01:22:10","guid":{"rendered":"https:\/\/www.europesays.com\/fr\/194736\/"},"modified":"2025-06-22T01:22:10","modified_gmt":"2025-06-22T01:22:10","slug":"trenitalia-vient-douvrir-son-paris-marseille","status":"publish","type":"post","link":"https:\/\/www.europesays.com\/fr\/194736\/","title":{"rendered":"Trenitalia vient d&rsquo;ouvrir son Paris Marseille"},"content":{"rendered":"<p>\t\t\t\t\t\t\t\tD\u00e8s ce 15 juin, Trenitalia enrichit son offre en France avec une nouvelle liaison grande vitesse entre Paris et Marseille.<\/p>\n<p>\u00a0<\/p>\n<p class=\"ai-optimize-8 ai-optimize-introduction\">\u00c0 bord de ses trains Frecciarossa, les voyageurs pourront rejoindre la M\u00e9diterran\u00e9e rapidement et confortablement, avec quatre allers-retours quotidiens.<\/p>\n<p class=\"ai-optimize-9\"><strong>Trenitalia renforce son maillage en France avec l\u2019ouverture de la ligne Paris\u2013Marseille<\/strong><br \/>Ce vendredi 13 juin, <a href=\"https:\/\/www.infotravel.fr\/bons-plans\/trenitalia-les-billets-des-vacances-d-hiver-sont-en-vente\/\" rel=\"nofollow noopener\" target=\"_blank\">Trenitalia France<\/a> pr\u00e9sente en avant-premi\u00e8re sa nouvelle ligne \u00e0 grande vitesse entre Paris et Marseille, en pr\u00e9sence d\u2019Edoardo Rixi, Vice-Ministre des infrastructures et des transports italiens, Jean-Pierre Serrus, Vice-Pr\u00e9sident de la R\u00e9gion Sud, des \u00e9lus de la m\u00e9tropole, de la mairie de Marseille et d\u2019\u00e9lus des territoires desservis par la ligne, ainsi que de Matthieu Chabanel, Pr\u00e9sident-directeur g\u00e9n\u00e9ral de SNCF R\u00e9seau.<\/p>\n<p class=\"ai-optimize-9\"><img loading=\"lazy\" decoding=\"async\" class=\"alignnone wp-image-39777 size-full\" src=\"https:\/\/www.europesays.com\/fr\/wp-content\/uploads\/2025\/06\/768x510-FrecciaRossa-Agosto-2022.jpg.webp.webp\" alt=\"TRENITALIA\" width=\"768\" height=\"510\"  \/><br \/>Cette inauguration marque une \u00e9tape importante dans le d\u00e9veloppement de l\u2019op\u00e9rateur en France, avec une<br \/>volont\u00e9 affirm\u00e9e de renforcer la connectivit\u00e9 entre la capitale et le sud du pays.<br \/>Trenitalia poursuit ainsi son expansion dans l\u2019Hexagone avec le lancement commercial de cette liaison le 15 juin, grande nouveaut\u00e9 de l\u2019\u00e9t\u00e9. \u00c0 raison de quatre allers-retours quotidiens, les trains Frecciarossa relieront Paris \u00e0 Marseille en environ 3h30, avec un premier d\u00e9part de Paris pr\u00e9vu \u00e0 5h52 et le dernier \u00e0 19h02. Cette nouvelle offre permettra aux voyageurs de rejoindre la M\u00e9diterran\u00e9e rapidement, confortablement et dans un cadre haut de gamme.<\/p>\n<p class=\"ai-optimize-9\">\n\u00ab Avec cette nouvelle liaison Paris-Marseille, nous souhaitons offrir une alternative durable et accessible, sans compromis. C\u2019est une r\u00e9ponse directe aux attentes de celles et ceux qui recherchent un mode de d\u00e9placement rapide, confortable et plus respectueux de l\u2019environnement, qu\u2019ils partent pour les vacances, un week-end ou un d\u00e9placement professionnel \u00bb, Marco Caposciutti, Pr\u00e9sident de Trenitalia France.<\/p>\n<p class=\"ai-optimize-9\">\nEn contribuant au maillage du territoire, cette nouvelle ligne \u00e0 grande vitesse ne profite pas seulement aux<br \/>voyageurs entre Paris et Marseille : elle offre \u00e9galement de nouvelles opportunit\u00e9s de mobilit\u00e9 aux territoires<br \/>travers\u00e9s, gr\u00e2ce aux arr\u00eats dans les gares de Lyon Saint-Exup\u00e9ry, Avignon TGV et Aix-en-Provence TGV.<br \/>L\u2019ouverture de la liaison Paris\u2013Marseille s\u2019inscrit dans une strat\u00e9gie plus large d\u2019expansion et de stimulation du march\u00e9 men\u00e9e par Trenitalia France. La compagnie fait le choix d\u2019\u00e9largir son offre comme elle l\u2019a d\u00e9j\u00e0 initi\u00e9 sur l\u2019axe Paris\u2013Lyon, o\u00f9 des trains circulent d\u00e9sormais de 6h30 \u00e0 20h. Cette flexibilit\u00e9 renforc\u00e9e r\u00e9pond \u00e0 l\u2019\u00e9volution des habitudes de d\u00e9placement et participe \u00e0 rendre le train plus attractif face aux autres modes de transport.<\/p>\n<p class=\"ai-optimize-9\">\nCette dynamique contribue \u00e9galement \u00e0 d\u00e9velopper le march\u00e9 dans son ensemble. Sur la seule ligne Paris\u2013Lyon, Trenitalia a observ\u00e9 en 2024 une augmentation de plus de 40% du nombre de passagers, preuve que l\u2019arriv\u00e9e d\u2019un nouvel acteur ne fragmente pas la demande, mais favorise au contraire la croissance du secteur.<\/p>\n<p class=\"ai-optimize-11\"><strong>Informations et r\u00e9servations sur trenitalia.com<\/strong><br \/>PARIS \u2013 MILAN<br \/>PARIS \u2013 LYON<br \/>PARIS \u2013 MARSEILLE<\/p>\n<p class=\"ai-optimize-12\"><strong>R\u00e9server en toute libert\u00e9 et flexibilit\u00e9<\/strong><br \/>Trenitalia propose une exp\u00e9rience de voyage coh\u00e9rente sur l\u2019ensemble de son r\u00e9seau en France. Comme pour<br \/>les lignes Paris\u2013Lyon et Paris\u2013Milan, les voyageurs de la nouvelle liaison Paris\u2013Marseille b\u00e9n\u00e9ficieront d\u2019une<br \/>politique tarifaire transparente et flexible.<br \/>\u00c0 partir de 27\u20ac*<\/p>\n<p class=\"ai-optimize-13\">l\u2019aller, les r\u00e9servations sont d\u2019ores et d\u00e9j\u00e0 ouvertes sur trenitalia.com, via l\u2019application Trenitalia<br \/>France, en billetterie physique et sur les bornes en libre-service, permettant ainsi aux voyageurs de pr\u00e9voir<br \/>sereinement leurs prochaines vacances dans le Sud-Est de la France.<br \/>Par ailleurs, tous les billets sont \u00e9changeables, sans limite et gratuitement, sous r\u00e9serve d\u2019ajustement tarifaire.<br \/>Jusqu\u2019au <a href=\"https:\/\/www.infotravel.fr\/actualites\/trains-frecciarossa-en-france-un-premier-bilan-positif\/\" rel=\"nofollow noopener\" target=\"_blank\">d\u00e9part du train<\/a>, moyennant une retenue de 20%, il reste permis de les annuler et de se faire<br \/>rembourser.<\/p>\n<p class=\"ai-optimize-13\"><img loading=\"lazy\" decoding=\"async\" class=\"alignnone wp-image-80905 size-full\" src=\"data:image\/svg+xml,%3Csvg%20xmlns=\" http:=\"\" alt=\"TRAINITALIA\" width=\"1000\" height=\"746\" data-lazy- data-lazy- data-lazy-src=\"https:\/\/www.europesays.com\/fr\/wp-content\/uploads\/2025\/06\/Capture-decran-2025-06-15-a-10.16.38.jpg\"\/><br \/>*Tarif en classe Standard, \u00e9volutif en fonction des places disponibles.<\/p>\n","protected":false},"excerpt":{"rendered":"D\u00e8s ce 15 juin, Trenitalia enrichit son offre en France avec une nouvelle liaison grande vitesse entre Paris&hellip;\n","protected":false},"author":2,"featured_media":194737,"comment_status":"","ping_status":"","sticky":false,"template":"","format":"standard","meta":{"footnotes":""},"categories":[2814],"tags":[1111,11,10009,1777,674,1011,27,17782,884,12,882,25,602,2528,586],"class_list":{"0":"post-194736","1":"post","2":"type-post","3":"status-publish","4":"format-standard","5":"has-post-thumbnail","7":"category-marseille","8":"tag-actu","9":"tag-actualites","10":"tag-destination","11":"tag-eu","12":"tag-europe","13":"tag-fr","14":"tag-france","15":"tag-infotravel","16":"tag-marseille","17":"tag-news","18":"tag-provence-alpes-cote-dazur","19":"tag-republique-francaise","20":"tag-tourisme","21":"tag-vacances","22":"tag-voyage"},"share_on_mastodon":{"url":"https:\/\/pubeurope.com\/@fr\/114724401675350228","error":""},"_links":{"self":[{"href":"https:\/\/www.europesays.com\/fr\/wp-json\/wp\/v2\/posts\/194736","targetHints":{"allow":["GET"]}}],"collection":[{"href":"https:\/\/www.europesays.com\/fr\/wp-json\/wp\/v2\/posts"}],"about":[{"href":"https:\/\/www.europesays.com\/fr\/wp-json\/wp\/v2\/types\/post"}],"author":[{"embeddable":true,"href":"https:\/\/www.europesays.com\/fr\/wp-json\/wp\/v2\/users\/2"}],"replies":[{"embeddable":true,"href":"https:\/\/www.europesays.com\/fr\/wp-json\/wp\/v2\/comments?post=194736"}],"version-history":[{"count":0,"href":"https:\/\/www.europesays.com\/fr\/wp-json\/wp\/v2\/posts\/194736\/revisions"}],"wp:featuredmedia":[{"embeddable":true,"href":"https:\/\/www.europesays.com\/fr\/wp-json\/wp\/v2\/media\/194737"}],"wp:attachment":[{"href":"https:\/\/www.europesays.com\/fr\/wp-json\/wp\/v2\/media?parent=194736"}],"wp:term":[{"taxonomy":"category","embeddable":true,"href":"https:\/\/www.europesays.com\/fr\/wp-json\/wp\/v2\/categories?post=194736"},{"taxonomy":"post_tag","embeddable":true,"href":"https:\/\/www.europesays.com\/fr\/wp-json\/wp\/v2\/tags?post=194736"}],"curies":[{"name":"wp","href":"https:\/\/api.w.org\/{rel}","templated":true}]}}