{"id":194742,"date":"2025-06-22T01:25:10","date_gmt":"2025-06-22T01:25:10","guid":{"rendered":"https:\/\/www.europesays.com\/fr\/194742\/"},"modified":"2025-06-22T01:25:10","modified_gmt":"2025-06-22T01:25:10","slug":"fete-de-la-musique-2025-les-metros-rer-et-bus-ouverts-toute-la-nuit-en-ile-de-france","status":"publish","type":"post","link":"https:\/\/www.europesays.com\/fr\/194742\/","title":{"rendered":"F\u00eate de la musique 2025\u00a0: les m\u00e9tros, RER et bus ouverts toute la nuit en Ile-de-France"},"content":{"rendered":"<p>Forfait sp\u00e9cial \u00e0 4,20 euros, ouverture de lignes toute la nuit\u2026 Mode d\u2019emploi pour profiter pleinement de la f\u00eate de la musique partout dans le Grand Paris ce samedi 21 juin 2025, alors que des concerts exceptionnels sont programm\u00e9s.<\/p>\n<p>Le forfait \u00e0 4,20 euros permet de se d\u00e9placer partout en Ile-de-France, dans tous les bus (sauf bus touristiques), m\u00e9tros, RER et trains sauf Orlyval, \u00e0  partir de 17h le 21 et jusqu\u2019\u00e0 7h le 22. Il donne acc\u00e8s \u00e0 l\u2019a\u00e9roport de Roissy via le RER B, RoissyBus ou Fil\u00e9o, et acc\u00e8s \u00e0 l\u2019a\u00e9roport d\u2019Orly via la ligne de m\u00e9tro 14.. Attention, il n\u2019est pas vendu dans les bus. Bien s\u00fbr, le passe Navigo et les tickets classiques restent aussi valables.<\/p>\n<p><a href=\"https:\/\/94.citoyens.com\/wp-content\/blogs.dir\/2\/files\/2025\/06\/aehovbh8wn-lv8rq-capturedecran2025-06-10a172455.jpeg\" target=\"_blank\" rel=\"noopener\"><img loading=\"lazy\" decoding=\"async\" width=\"1024\" height=\"867\" src=\"https:\/\/www.europesays.com\/fr\/wp-content\/uploads\/2025\/06\/aehovbh8wn-lv8rq-capturedecran2025-06-10a172455-1024x867.jpeg\" alt=\"\" class=\"wp-image-348032\"  \/><\/a><\/p>\n<p>Pour bouger toute la nuit, plusieurs lignes resteront ouvertes. D\u00e9tail ci-dessous.<\/p>\n<p>\u00c0 la fin du service habituel du mardi soit vers 00h30, <strong>6 lignes de m\u00e9tro<\/strong> (1, 2, 5, 6, 9 et 14) et 5<strong> lignes de RER<\/strong> <strong>(A, B, C, D et E) <\/strong>continueront \u00e0 desservir certaines stations. Attention, toutes les entr\u00e9es de ces stations ne seront pas forc\u00e9ment ouvertes. Toutes les stations des RER A, B and E (entre Gare de l\u2019Est et Chelles, et entre Gare de l\u2019Est et Tournan) seront desservies.<\/p>\n<p><a href=\"https:\/\/94.citoyens.com\/wp-content\/blogs.dir\/2\/files\/2025\/06\/aEhN5bh8WN-LV8Q4_IDFM_FETES_METRO_MUSIQUE_2025_v02.pdf\" target=\"_blank\" rel=\"noreferrer noopener\">Voir la carte des m\u00e9tros er RER<\/a><\/p>\n<p>Les lignes Transilien\u00a0<strong>H, J, L, N, P et R (mais, uniquement entre Melun et Montereau)<\/strong>\u00a0et la ligne de tramway\u00a0<strong>T4<\/strong>\u00a0, fonctionneront toute la nuit (entre Aulnay-sous-Bois, Bondy et l\u2019H\u00f4pital de Montfermeil).<\/p>\n<ul>\n<li>A noter que ce sont des bus qui effectueront la liaison entre<strong> Conflans Sainte-Honorine, les Mureaux et Mantes-la-Jolie.<\/strong> Les fr\u00e9quences sont diff\u00e9rentes selon les lignes.<\/li>\n<\/ul>\n<p><a href=\"https:\/\/94.citoyens.com\/wp-content\/blogs.dir\/2\/files\/2025\/06\/aEfvr7h8WN-LV64d_IDFM_FETES_RER-TRAIN_MUSIQUE_2025.pdf\" target=\"_blank\" rel=\"noreferrer noopener\">Voir la carte des trains et trams<\/a><\/p>\n<p><strong>Le r\u00e9seau Noctilien<\/strong>, en service de 0h30 \u00e0 5h30, sera adapt\u00e9 en fonction des contraintes de circulation, des p\u00e9rim\u00e8tres de s\u00e9curit\u00e9 et en compl\u00e9ment du r\u00e9seau ferr\u00e9 (train, RER, m\u00e9tro).<\/p>\n<p><a href=\"https:\/\/94.citoyens.com\/wp-content\/blogs.dir\/2\/files\/2025\/06\/aEhN5bh8WN-LV8Q4_IDFM_FETES_METRO_MUSIQUE_2025_v02-1.pdf\" target=\"_blank\" rel=\"noreferrer noopener\">Voir la carte des bus de nuit<\/a><\/p>\n<p>Lire aussi :<\/p>\n<\/p><\/p>\n","protected":false},"excerpt":{"rendered":"Forfait sp\u00e9cial \u00e0 4,20 euros, ouverture de lignes toute la nuit\u2026 Mode d\u2019emploi pour profiter pleinement de la&hellip;\n","protected":false},"author":2,"featured_media":194743,"comment_status":"","ping_status":"","sticky":false,"template":"","format":"standard","meta":{"footnotes":""},"categories":[1592],"tags":[1111,11,1777,674,25885,1011,27,662,12,626,25],"class_list":{"0":"post-194742","1":"post","2":"type-post","3":"status-publish","4":"format-standard","5":"has-post-thumbnail","7":"category-ile-de-france","8":"tag-actu","9":"tag-actualites","10":"tag-eu","11":"tag-europe","12":"tag-fete-de-la-musique","13":"tag-fr","14":"tag-france","15":"tag-ile-de-france","16":"tag-news","17":"tag-paris","18":"tag-republique-francaise"},"share_on_mastodon":{"url":"https:\/\/pubeurope.com\/@fr\/114724413443922639","error":""},"_links":{"self":[{"href":"https:\/\/www.europesays.com\/fr\/wp-json\/wp\/v2\/posts\/194742","targetHints":{"allow":["GET"]}}],"collection":[{"href":"https:\/\/www.europesays.com\/fr\/wp-json\/wp\/v2\/posts"}],"about":[{"href":"https:\/\/www.europesays.com\/fr\/wp-json\/wp\/v2\/types\/post"}],"author":[{"embeddable":true,"href":"https:\/\/www.europesays.com\/fr\/wp-json\/wp\/v2\/users\/2"}],"replies":[{"embeddable":true,"href":"https:\/\/www.europesays.com\/fr\/wp-json\/wp\/v2\/comments?post=194742"}],"version-history":[{"count":0,"href":"https:\/\/www.europesays.com\/fr\/wp-json\/wp\/v2\/posts\/194742\/revisions"}],"wp:featuredmedia":[{"embeddable":true,"href":"https:\/\/www.europesays.com\/fr\/wp-json\/wp\/v2\/media\/194743"}],"wp:attachment":[{"href":"https:\/\/www.europesays.com\/fr\/wp-json\/wp\/v2\/media?parent=194742"}],"wp:term":[{"taxonomy":"category","embeddable":true,"href":"https:\/\/www.europesays.com\/fr\/wp-json\/wp\/v2\/categories?post=194742"},{"taxonomy":"post_tag","embeddable":true,"href":"https:\/\/www.europesays.com\/fr\/wp-json\/wp\/v2\/tags?post=194742"}],"curies":[{"name":"wp","href":"https:\/\/api.w.org\/{rel}","templated":true}]}}