{"id":194745,"date":"2025-06-22T01:27:11","date_gmt":"2025-06-22T01:27:11","guid":{"rendered":"https:\/\/www.europesays.com\/fr\/194745\/"},"modified":"2025-06-22T01:27:11","modified_gmt":"2025-06-22T01:27:11","slug":"un-homme-entre-la-vie-la-mort-apres-une-violente-rixe-deux-autres-blesses","status":"publish","type":"post","link":"https:\/\/www.europesays.com\/fr\/194745\/","title":{"rendered":"un homme entre la vie la mort apr\u00e8s une violente rixe, deux autres bless\u00e9s"},"content":{"rendered":"<p>            Par<br \/>\n        <strong><br \/>\n            <a href=\"https:\/\/actu.fr\/auteur\/antoine-grotteria02\" title=\"Consulter tous les articles de Antoine Grotteria\" target=\"_blank\" rel=\"noopener\">Antoine Grotteria<\/a><br \/>\n        <\/strong><\/p>\n<p>        Publi\u00e9 le<\/p>\n<p>            21 juin 2025 \u00e0 16h16        <\/p>\n<p>Les raisons de la <strong>rixe<\/strong> restent \u00e0 d\u00e9terminer. Dans la nuit du vendredi\u00a020 au samedi 21\u00a0juin 2025, <strong>trois personnes ont \u00e9t\u00e9 bless\u00e9es<\/strong> au cours d\u2019un affrontement survenu \u00e0 <a href=\"https:\/\/actu.fr\/ile-de-france\/orly_94054\" target=\"_blank\" rel=\"noopener\">Orly<\/a> (<a href=\"https:\/\/actu.fr\/ile-de-france\/val-de-marne_94\" target=\"_blank\" rel=\"noopener\">Val-de-Marne<\/a>), selon une information r\u00e9v\u00e9l\u00e9e par<a href=\"https:\/\/www.leparisien.fr\/faits-divers\/une-rixe-eclate-a-orly-faisant-trois-blesses-lun-dentre-eux-se-trouve-entre-la-vie-et-la-mort-21-06-2025-MHIWGT4POBAKJDZ3HRIQJHRZVU.php\" target=\"_blank\" rel=\"noopener\"> Le Parisien<\/a> et confirm\u00e9e aupr\u00e8s d\u2019actu Paris par le parquet de Cr\u00e9teil. L\u2019une d\u2019entre elles \u00e9tait toujours avec un <strong>pronostic vital engag\u00e9<\/strong>, ce samedi apr\u00e8s-midi.<\/p>\n<p>Une enqu\u00eate ouverte<\/p>\n<p class=\" wall-content\">D\u2019apr\u00e8s le quotidien, les secouristes auraient pris en charge un homme pr\u00e9sentant des entailles au niveau du cou. Ce dernier est gri\u00e8vement <strong>bless\u00e9<\/strong>. Sur place, la tension serait mont\u00e9e avec un groupe. Les pompiers auraient \u00e9t\u00e9 contraints de charrier la victime dans leur caserne de <a href=\"https:\/\/actu.fr\/ile-de-france\/choisy-le-roi_94022\" target=\"_blank\" rel=\"noopener\">Choisy-le-Roi<\/a>. Deux autres personnes bless\u00e9es auraient \u00e9t\u00e9 transport\u00e9es \u00e0 l\u2019h\u00f4pital, mais ils demeurent <strong>sains et saufs<\/strong>.<\/p>\n<p class=\" wall-content\">Le parquet a ouvert une <strong>enqu\u00eate<\/strong>, sans pr\u00e9ciser la nature de celle-ci. Elle est confi\u00e9e au commissariat de Choisy-le-Roi. <strong>Aucune personne<\/strong> n\u2019a \u00e9t\u00e9 interpell\u00e9e, pr\u00e9cise le minist\u00e8re public.<\/p>\n<p class=\" wall-content\">Suivez toute l\u2019actualit\u00e9 de vos villes et m\u00e9dias favoris en vous inscrivant \u00e0 <a href=\"https:\/\/moncompte.actu.fr\" title=\"D\u00e9couvez Mon Actu\" rel=\"nofollow noopener\" data-trk=\"{&quot;cta&quot;:{&quot;action&quot;:&quot;https:\\\/\\\/moncompte.actu.fr&quot;,&quot;category&quot;:&quot;mon compte&quot;,&quot;from&quot;:&quot;article footer&quot;,&quot;name&quot;:&quot;Mon actu&quot;,&quot;type&quot;:&quot;cta&quot;}}\" target=\"_blank\">Mon Actu<\/a>.<\/p>\n<ul class=\"ac-article-tag wall-content\">\n<li><a href=\"https:\/\/actu.fr\/tag\/police\" data-trk=\"{&quot;cta&quot;:{&quot;action&quot;:&quot;Police&quot;,&quot;category&quot;:&quot;tag&quot;,&quot;from&quot;:&quot;article footer&quot;,&quot;name&quot;:&quot;Police&quot;,&quot;type&quot;:&quot;cta&quot;}}\" target=\"_blank\" rel=\"noopener\">#Police<\/a><\/li>\n<li><a href=\"https:\/\/actu.fr\/tag\/tribunal-de-creteil\" data-trk=\"{&quot;cta&quot;:{&quot;action&quot;:&quot;Tribunal de cr\\u00e9teil&quot;,&quot;category&quot;:&quot;tag&quot;,&quot;from&quot;:&quot;article footer&quot;,&quot;name&quot;:&quot;Tribunal de cr\\u00e9teil&quot;,&quot;type&quot;:&quot;cta&quot;}}\" target=\"_blank\" rel=\"noopener\">#Tribunal de cr\u00e9teil<\/a><\/li>\n<\/ul>\n","protected":false},"excerpt":{"rendered":"Par Antoine Grotteria Publi\u00e9 le 21 juin 2025 \u00e0 16h16 Les raisons de la rixe restent \u00e0 d\u00e9terminer.&hellip;\n","protected":false},"author":2,"featured_media":193112,"comment_status":"","ping_status":"","sticky":false,"template":"","format":"standard","meta":{"footnotes":""},"categories":[1888],"tags":[1111,1928,11,1927,1777,674,118,1011,27,12,1926,626,1925,1072,25,4310],"class_list":{"0":"post-194745","1":"post","2":"type-post","3":"status-publish","4":"format-standard","5":"has-post-thumbnail","7":"category-paris","8":"tag-actu","9":"tag-actu-paris","10":"tag-actualites","11":"tag-actualites-paris","12":"tag-eu","13":"tag-europe","14":"tag-faits-divers","15":"tag-fr","16":"tag-france","17":"tag-news","18":"tag-news-paris","19":"tag-paris","20":"tag-paris-news","21":"tag-police","22":"tag-republique-francaise","23":"tag-tribunal-de-creteil"},"share_on_mastodon":{"url":"https:\/\/pubeurope.com\/@fr\/114724421205427660","error":""},"_links":{"self":[{"href":"https:\/\/www.europesays.com\/fr\/wp-json\/wp\/v2\/posts\/194745","targetHints":{"allow":["GET"]}}],"collection":[{"href":"https:\/\/www.europesays.com\/fr\/wp-json\/wp\/v2\/posts"}],"about":[{"href":"https:\/\/www.europesays.com\/fr\/wp-json\/wp\/v2\/types\/post"}],"author":[{"embeddable":true,"href":"https:\/\/www.europesays.com\/fr\/wp-json\/wp\/v2\/users\/2"}],"replies":[{"embeddable":true,"href":"https:\/\/www.europesays.com\/fr\/wp-json\/wp\/v2\/comments?post=194745"}],"version-history":[{"count":0,"href":"https:\/\/www.europesays.com\/fr\/wp-json\/wp\/v2\/posts\/194745\/revisions"}],"wp:featuredmedia":[{"embeddable":true,"href":"https:\/\/www.europesays.com\/fr\/wp-json\/wp\/v2\/media\/193112"}],"wp:attachment":[{"href":"https:\/\/www.europesays.com\/fr\/wp-json\/wp\/v2\/media?parent=194745"}],"wp:term":[{"taxonomy":"category","embeddable":true,"href":"https:\/\/www.europesays.com\/fr\/wp-json\/wp\/v2\/categories?post=194745"},{"taxonomy":"post_tag","embeddable":true,"href":"https:\/\/www.europesays.com\/fr\/wp-json\/wp\/v2\/tags?post=194745"}],"curies":[{"name":"wp","href":"https:\/\/api.w.org\/{rel}","templated":true}]}}