{"id":194748,"date":"2025-06-22T01:29:03","date_gmt":"2025-06-22T01:29:03","guid":{"rendered":"https:\/\/www.europesays.com\/fr\/194748\/"},"modified":"2025-06-22T01:29:03","modified_gmt":"2025-06-22T01:29:03","slug":"tas-vu-comme-cest-beau-pres-dun-an-apres-les-jo-la-vasque-seleve-a-nouveau-dans-le-ciel-de-paris-2","status":"publish","type":"post","link":"https:\/\/www.europesays.com\/fr\/194748\/","title":{"rendered":"\u00ab\u00a0T\u2019as vu comme c\u2019est beau\u00a0\u00bb\u00a0: pr\u00e8s d\u2019un an apr\u00e8s les JO, la vasque s\u2019\u00e9l\u00e8ve \u00e0 nouveau dans le ciel de Paris"},"content":{"rendered":"<p class=\"paragraph text_align_left lp-f-body-02\">Trente-cinq mille paires d\u2019yeux et presque autant de t\u00e9l\u00e9phones. Tous sont riv\u00e9s sur la m\u00eame flamme vacillante, derri\u00e8re la large sc\u00e8ne o\u00f9 se succ\u00e8dent les artistes r\u00e9unis pour la f\u00eate de la Musique. L\u2019impatience est palpable dans les regards, les attitudes.<\/p>\n<p class=\"paragraph text_align_left lp-f-body-02\">Son d\u00e9collage avait \u00e9t\u00e9 annonc\u00e9 \u00e0 22h11 pr\u00e9cises, ce samedi soir. <a href=\"https:\/\/www.leparisien.fr\/paris-75\/la-vasque-des-jeux-olympiques-de-retour-aux-tuileries-ce-quil-faut-savoir-pour-ladmirer-cet-ete-26-05-2025-YTF2MGUMDBBYVMWEWGLV72B5ZM.php\" target=\"_self\" rel=\"nofollow noopener\">La vasque de Paris 2024<\/a> est au rendez-vous. Soulev\u00e9e par un gigantesque ballon de 30 m de haut et de 22 m de diam\u00e8tre, elle amorce lentement sa mont\u00e9e, au-dessus du jardin des Tuileries. Une grande premi\u00e8re depuis la fin des Jeux olympiques et paralympiques en septembre dernier.<\/p>\n","protected":false},"excerpt":{"rendered":"Trente-cinq mille paires d\u2019yeux et presque autant de t\u00e9l\u00e9phones. Tous sont riv\u00e9s sur la m\u00eame flamme vacillante, derri\u00e8re&hellip;\n","protected":false},"author":2,"featured_media":194397,"comment_status":"","ping_status":"","sticky":false,"template":"","format":"standard","meta":{"footnotes":""},"categories":[1888],"tags":[11,1777,674,1011,27,1944,12,626,25,60],"class_list":{"0":"post-194748","1":"post","2":"type-post","3":"status-publish","4":"format-standard","5":"has-post-thumbnail","7":"category-paris","8":"tag-actualites","9":"tag-eu","10":"tag-europe","11":"tag-fr","12":"tag-france","13":"tag-ma-ville","14":"tag-news","15":"tag-paris","16":"tag-republique-francaise","17":"tag-sports"},"share_on_mastodon":{"url":"https:\/\/pubeurope.com\/@fr\/114724429163618024","error":""},"_links":{"self":[{"href":"https:\/\/www.europesays.com\/fr\/wp-json\/wp\/v2\/posts\/194748","targetHints":{"allow":["GET"]}}],"collection":[{"href":"https:\/\/www.europesays.com\/fr\/wp-json\/wp\/v2\/posts"}],"about":[{"href":"https:\/\/www.europesays.com\/fr\/wp-json\/wp\/v2\/types\/post"}],"author":[{"embeddable":true,"href":"https:\/\/www.europesays.com\/fr\/wp-json\/wp\/v2\/users\/2"}],"replies":[{"embeddable":true,"href":"https:\/\/www.europesays.com\/fr\/wp-json\/wp\/v2\/comments?post=194748"}],"version-history":[{"count":0,"href":"https:\/\/www.europesays.com\/fr\/wp-json\/wp\/v2\/posts\/194748\/revisions"}],"wp:featuredmedia":[{"embeddable":true,"href":"https:\/\/www.europesays.com\/fr\/wp-json\/wp\/v2\/media\/194397"}],"wp:attachment":[{"href":"https:\/\/www.europesays.com\/fr\/wp-json\/wp\/v2\/media?parent=194748"}],"wp:term":[{"taxonomy":"category","embeddable":true,"href":"https:\/\/www.europesays.com\/fr\/wp-json\/wp\/v2\/categories?post=194748"},{"taxonomy":"post_tag","embeddable":true,"href":"https:\/\/www.europesays.com\/fr\/wp-json\/wp\/v2\/tags?post=194748"}],"curies":[{"name":"wp","href":"https:\/\/api.w.org\/{rel}","templated":true}]}}