{"id":194755,"date":"2025-06-22T01:33:12","date_gmt":"2025-06-22T01:33:12","guid":{"rendered":"https:\/\/www.europesays.com\/fr\/194755\/"},"modified":"2025-06-22T01:33:12","modified_gmt":"2025-06-22T01:33:12","slug":"iran-les-usa-ont-attaque-trois-sites-nucleaires","status":"publish","type":"post","link":"https:\/\/www.europesays.com\/fr\/194755\/","title":{"rendered":"Iran: les USA ont attaqu\u00e9 trois sites nucl\u00e9aires"},"content":{"rendered":"<p class=\"wysiwyg-h2\">Le pr\u00e9sident am\u00e9ricain Donald Trump a annonc\u00e9 dans la nuit de samedi \u00e0 dimanche que les Etats-Unis ont men\u00e9 une attaque &lsquo;tr\u00e8s r\u00e9ussie&rsquo; sur trois sites nucl\u00e9aires iraniens.<\/p>\n<p>Une charge compl\u00e8te de bombes a notamment vis\u00e9 le site nucl\u00e9aire de Fordo, au sud de la capitale iranienne T\u00e9h\u00e9ran.<\/p>\n<p>&lsquo;Nous avons men\u00e9 \u00e0 bien une attaque tr\u00e8s r\u00e9ussie sur les trois sites nucl\u00e9aires en Iran, notamment Fordo, Natanz et Ispahan&rsquo;, a d\u00e9clar\u00e9 le pr\u00e9sident am\u00e9ricain dans un communiqu\u00e9.<\/p>\n<p>&lsquo;Une pleine charge de bombes a \u00e9t\u00e9 largu\u00e9e sur le site principal, Fordo&rsquo;, a-t-il poursuivi, ajoutant que tous les avions ayant particip\u00e9 \u00e0 l&rsquo;attaque \u00e9taient &lsquo;d\u00e9sormais hors de l&rsquo;espace a\u00e9rien iranien&rsquo;.<\/p>\n<p>&lsquo;F\u00e9licitations \u00e0 nos grands guerriers am\u00e9ricains. Aucune autre arm\u00e9e au monde n&rsquo;aurait pu faire cela. L&rsquo;HEURE DE LA PAIX A SONN\u00c9!&rsquo;, a-t-il encore dit, affirmant que l&rsquo;Iran devait &lsquo;maintenant accepter de mettre fin \u00e0 cette guerre&rsquo;.<\/p>\n<p>Les experts s&rsquo;accordent sur le fait que seuls les Etats-Unis ont la capacit\u00e9 de d\u00e9truire les installations nucl\u00e9aires iraniennes profond\u00e9ment enfouies, comme l&rsquo;usine d&rsquo;enrichissement d&rsquo;uranium de Fordo, situ\u00e9e au sud de T\u00e9h\u00e9ran et au coeur du programme nucl\u00e9aire iranien.<\/p>\n<p>Des avions bombardiers B-2 ont d\u00e9coll\u00e9 d&rsquo;une base aux Etats-Unis en direction de l&rsquo;ouest, au-dessus du Pacifique, ont rapport\u00e9 samedi le New York Times et des sites de suivi de vols, sans que l&rsquo;on sache s&rsquo;ils ont particip\u00e9 \u00e0 l&rsquo;attaque.<\/p>\n<p>Le pr\u00e9sident am\u00e9ricain, qui avait assur\u00e9 que l&rsquo;Iran ne pouvait en aucun cas disposer de l&rsquo;arme nucl\u00e9aire, avait dit vendredi donner au &lsquo;maximum&rsquo; deux semaines \u00e0 l&rsquo;Iran pour \u00e9viter d&rsquo;\u00e9ventuelles frappes am\u00e9ricaines, mais il a finalement d\u00e9cid\u00e9 d&rsquo;aller de l&rsquo;avant au c\u00f4t\u00e9 de son alli\u00e9 isra\u00e9lien.<\/p>\n<p>Il avait r\u00e9uni en d\u00e9but de soir\u00e9e \u00e0 la Maison Blanche son conseil de s\u00e9curit\u00e9 et doit s&rsquo;exprimer plus tard dans la soir\u00e9e, \u00e0 4h00 en Suisse.<\/p>\n<p><strong>Vague d&rsquo;attaque de drones<\/strong><\/p>\n<p>Auparavant, le pr\u00e9sident iranien Masoud Pezeshkian a menac\u00e9 Isra\u00ebl d&rsquo;une riposte &lsquo;plus d\u00e9vastatrice&rsquo; \u00e0 son attaque, et exclu tout arr\u00eat du programme nucl\u00e9aire de T\u00e9h\u00e9ran.<\/p>\n<p>Samedi soir, T\u00e9h\u00e9ran a annonc\u00e9 le lancement d&rsquo;une &lsquo;vague importante de drones d&rsquo;attaque et de drones suicides&rsquo; vers Isra\u00ebl.<\/p>\n<p>Isra\u00ebl a de son c\u00f4t\u00e9 pr\u00e9venu d&rsquo;une &lsquo;longue&rsquo; op\u00e9ration militaire, le chef de la diplomatie, Gideon Saar, affirmant que le risque que T\u00e9h\u00e9ran se dote de &lsquo;la bombe atomique&rsquo; avait d\u00e9j\u00e0 \u00e9t\u00e9 &lsquo;retard\u00e9 d&rsquo;au moins deux ou trois ans&rsquo;.<\/p>\n<p>Assurant que son ennemi jur\u00e9 \u00e9tait sur le point de l&rsquo;acqu\u00e9rir, Isra\u00ebl a lanc\u00e9 le 13 juin une attaque massive contre des centaines de sites militaires et nucl\u00e9aires, tuant les plus hauts grad\u00e9s du pays et des scientifiques de l&rsquo;atome.<\/p>\n<p>L&rsquo;Iran d\u00e9ment vouloir se doter de l&rsquo;arme atomique, mais d\u00e9fend son droit \u00e0 un programme nucl\u00e9aire civil.<\/p>\n<p>L&rsquo;Iran et Isra\u00ebl ont \u00e9chang\u00e9 de nouvelles frappes samedi, et dans la soir\u00e9e, Isra\u00ebl a annonc\u00e9 mener des raids dans la r\u00e9gion de Bandar Abbas, grand port du sud de l&rsquo;Iran, dans le d\u00e9troit d&rsquo;Ormuz. Des m\u00e9dias iraniens ont rapport\u00e9 qu&rsquo;une base militaire dans le sud de T\u00e9h\u00e9ran avait \u00e9t\u00e9 touch\u00e9e et fait \u00e9tat de frappes sur Chiraz, grande ville du sud de l&rsquo;Iran.<\/p>\n<p>L&rsquo;Iran a menac\u00e9 de repr\u00e9sailles contre les int\u00e9r\u00eats am\u00e9ricains au Moyen-Orient si les Etats-Unis d\u00e9cidaient d&rsquo;intervenir directement dans le conflit.<\/p>\n<p>Jusqu&rsquo;\u00e0 pr\u00e9sent, Washington s&rsquo;\u00e9tait content\u00e9 d&rsquo;apporter une aide d\u00e9fensive \u00e0 Isra\u00ebl face aux missiles iraniens.<\/p>\n<p> \/ATS<\/p>\n","protected":false},"excerpt":{"rendered":"Le pr\u00e9sident am\u00e9ricain Donald Trump a annonc\u00e9 dans la nuit de samedi \u00e0 dimanche que les Etats-Unis ont&hellip;\n","protected":false},"author":2,"featured_media":194756,"comment_status":"","ping_status":"","sticky":false,"template":"","format":"standard","meta":{"footnotes":""},"categories":[1589],"tags":[11,1829,1832,1836,1827,73,1866,1830,1831,1826,1844,1840,1839,1841,1838,12,1843,1828,1834,1825,1833,1822,1823,1824,1837,1864,1865,1863,308,1835,1842],"class_list":{"0":"post-194755","1":"post","2":"type-post","3":"status-publish","4":"format-standard","5":"has-post-thumbnail","7":"category-etats-unis","8":"tag-actualites","9":"tag-ajoie","10":"tag-animation","11":"tag-bienne","12":"tag-delemont","13":"tag-etats-unis","14":"tag-etats-unis-damerique","15":"tag-franches-montagnes","16":"tag-frequence","17":"tag-jura","18":"tag-jura-bernois","19":"tag-la-chaux-de-fonds","20":"tag-moutier","21":"tag-neuchatel","22":"tag-neuveville","23":"tag-news","24":"tag-payerne","25":"tag-porrentruy","26":"tag-publicite","27":"tag-radio","28":"tag-redaction","29":"tag-rfj","30":"tag-rjb","31":"tag-rtn","32":"tag-tavannes","33":"tag-united-states","34":"tag-united-states-of-america","35":"tag-us","36":"tag-usa","37":"tag-vallon-de-st-imier","38":"tag-yverdon"},"share_on_mastodon":{"url":"https:\/\/pubeurope.com\/@fr\/114724444770023535","error":""},"_links":{"self":[{"href":"https:\/\/www.europesays.com\/fr\/wp-json\/wp\/v2\/posts\/194755","targetHints":{"allow":["GET"]}}],"collection":[{"href":"https:\/\/www.europesays.com\/fr\/wp-json\/wp\/v2\/posts"}],"about":[{"href":"https:\/\/www.europesays.com\/fr\/wp-json\/wp\/v2\/types\/post"}],"author":[{"embeddable":true,"href":"https:\/\/www.europesays.com\/fr\/wp-json\/wp\/v2\/users\/2"}],"replies":[{"embeddable":true,"href":"https:\/\/www.europesays.com\/fr\/wp-json\/wp\/v2\/comments?post=194755"}],"version-history":[{"count":0,"href":"https:\/\/www.europesays.com\/fr\/wp-json\/wp\/v2\/posts\/194755\/revisions"}],"wp:featuredmedia":[{"embeddable":true,"href":"https:\/\/www.europesays.com\/fr\/wp-json\/wp\/v2\/media\/194756"}],"wp:attachment":[{"href":"https:\/\/www.europesays.com\/fr\/wp-json\/wp\/v2\/media?parent=194755"}],"wp:term":[{"taxonomy":"category","embeddable":true,"href":"https:\/\/www.europesays.com\/fr\/wp-json\/wp\/v2\/categories?post=194755"},{"taxonomy":"post_tag","embeddable":true,"href":"https:\/\/www.europesays.com\/fr\/wp-json\/wp\/v2\/tags?post=194755"}],"curies":[{"name":"wp","href":"https:\/\/api.w.org\/{rel}","templated":true}]}}