{"id":194759,"date":"2025-06-22T01:35:12","date_gmt":"2025-06-22T01:35:12","guid":{"rendered":"https:\/\/www.europesays.com\/fr\/194759\/"},"modified":"2025-06-22T01:35:12","modified_gmt":"2025-06-22T01:35:12","slug":"ue-mercosur-berlin-pousse-a-laccord-paris-rallie-ses-allies-pour-le-bloquer-2","status":"publish","type":"post","link":"https:\/\/www.europesays.com\/fr\/194759\/","title":{"rendered":"UE-Mercosur : Berlin pousse \u00e0 l\u2019accord, Paris rallie ses alli\u00e9s pour le bloquer"},"content":{"rendered":"<p style=\"text-align: left\"><strong>Alors que l\u2019Allemagne redouble d\u2019efforts pour finaliser l\u2019accord de libre-\u00e9change entre l\u2019Union europ\u00e9enne et le Mercosur, la France intensifie ses d\u00e9marches pour le bloquer. Ce d\u00e9saccord entre les deux grandes puissances agricoles du continent annonce un nouveau bras de fer sur l\u2019avenir de l\u2019accord de libre-\u00e9change avec le bloc sud-am\u00e9ricain \u00e0 Bruxelles.<\/strong><\/p>\n<p style=\"text-align: left\">L\u2019accord actuel a raviv\u00e9 les inqui\u00e9tudes concernant la concurrence d\u00e9loyale, d\u00e9clenchant des protestations d\u2019agriculteurs dans toute l\u2019Europe, notamment en ce qui concerne les importations de sucre, de volaille et de b\u0153uf. Mais pour la secr\u00e9taire d\u2019\u00c9tat allemande \u00e0 l\u2019Agriculture, Martina Engelhardt-Kopf, qui se trouve cette semaine au Br\u00e9sil pour les Journ\u00e9es d\u2019affaires germano-br\u00e9siliennes et l\u2019Initiative pour l\u2019innovation dans l\u2019agroalimentaire \u00e0 Salvador de Bahia, cet accord est positif.<\/p>\n<p style=\"text-align: left\">\u00ab\u2009Nous devons saisir les opportunit\u00e9s offertes par les accords de libre-\u00e9change pour la croissance, l\u2019emploi et une position forte de l\u2019Europe dans la concurrence mondiale\u2009\u00bb, a expliqu\u00e9 Martina Engelhardt-Kopf, \u00e0 Euractiv.<\/p>\n<p>Le gouvernement allemand, <a href=\"https:\/\/www.bundestag.de\/dokumente\/textarchiv\/2024\/kw49-de-aktuelle-stunde-mercosur-1032584\" target=\"_blank\" rel=\"noopener nofollow\">fervent partisan<\/a> des accords de libre-\u00e9change, voit dans cet accord une opportunit\u00e9 strat\u00e9gique, en particulier dans un contexte de tensions g\u00e9opolitiques croissantes et de menaces am\u00e9ricaines sur les droits de douane.<\/p>\n<p style=\"text-align: left\">\u00ab\u2009Je profiterai de ce voyage pour m\u2019entretenir avec des responsables br\u00e9siliens au sujet de l\u2019accord de libre-\u00e9change avec le Mercosur et de la r\u00e8glementation europ\u00e9enne sur les produits sans d\u00e9forestation\u2009\u00bb, a-t-elle d\u00e9clar\u00e9.<\/p>\n<p>Si Berlin soutient l\u2019accord, Martina Engelhardt-Kopf reconna\u00eet n\u00e9anmoins <a href=\"https:\/\/www.bauernverband.de\/dbv-positionen\/positionen-beschluesse\/position\/position-zum-freihandelsabkommen-eu-mercosur\" target=\"_blank\" rel=\"noopener nofollow\">les inqui\u00e9tudes<\/a> des agriculteurs allemands, notamment sur le respect des normes de production. \u00ab\u2009Le libre-\u00e9change n\u2019est pas possible \u00e0 n\u2019importe quel prix. La protection des produits agricoles sensibles doit \u00eatre garantie, et c\u2019est ce que nous d\u00e9fendons fermement \u00e0 Bruxelles\u2009\u00bb, a-t-elle affirm\u00e9.<br \/>\nLa France cherche \u00e0 former un front du refus<br \/>\n\u00c0 Paris, les autorit\u00e9s restent fermement oppos\u00e9es \u00e0 l\u2019accord dans sa forme actuelle, notamment en raison de l&rsquo;impact potentiel sur le secteur agricole. La ministre fran\u00e7aise de l\u2019Agriculture, Annie Genevard, m\u00e8ne par ailleurs une tourn\u00e9e diplomatique pour rallier des soutiens contre le texte.<\/p>\n<p style=\"text-align: left\">\u00ab\u2009\u00c0 ce jour, il n\u2019y a pas de majorit\u00e9 en faveur de l\u2019adoption du trait\u00e9, et la minorit\u00e9 de blocage n\u2019est pas loin\u2009\u00bb, a d\u00e9clar\u00e9 Annie Genevard lundi\u00a016\u00a0juin sur France Info. \u00ab\u2009L\u2019Autriche, la Hongrie et la Pologne [s\u2019opposent au texte], et de nombreux \u00c9tats ont exprim\u00e9 des r\u00e9serves, comme l\u2019Irlande et la Gr\u00e8ce.\u2009\u00bb<\/p>\n<p style=\"text-align: left\">Le 5 juin, le pr\u00e9sident br\u00e9silien Luis Inacio Lula da Silva <a href=\"https:\/\/www.euractiv.fr\/section\/agriculture-food\/news\/a-paris-lula-fait-pression-pour-un-accord-ue-mercosur\/\" target=\"_blank\" rel=\"noopener nofollow\">\u00e9tait \u00e0 Paris<\/a> pour convaincre les Fran\u00e7ais de donner leur feu vert \u00e0 l\u2019accord. Cependant, Emmanuel Macron avait r\u00e9it\u00e9r\u00e9 l&rsquo;opposition de la France \u00e0 l&rsquo;accord dans sa forme actuelle.<\/p>\n<p style=\"text-align: left\">Selon des sources parlementaires, la Commission europ\u00e9enne devrait pr\u00e9senter sa proposition sur l\u2019accord avec le Mercosur avant fin juillet.<\/p>\n<p style=\"text-align: left\">Alice Bergo\u00ebnd a contribu\u00e9 \u00e0 la r\u00e9daction de cet article.<\/p>\n<p><img loading=\"lazy\" decoding=\"async\" width=\"800\" height=\"600\" src=\"https:\/\/www.europesays.com\/fr\/wp-content\/uploads\/2025\/06\/13104885-800x600.jpg\" class=\"attachment-4x3 size-4x3 wp-post-image ea-media-unrolled ea-media-formatted img-responsive\" alt=\"\"\/><\/p>\n<p><a href=\"https:\/\/www.euractiv.fr\/section\/agriculture-food\/news\/a-paris-lula-fait-pression-pour-un-accord-ue-mercosur\/\" rel=\"nofollow noopener\" target=\"_blank\">\u00c0 Paris, Lula fait pression pour un accord UE-Mercosur<\/a><\/p>\n<p>En visite \u00e0 Paris, le pr\u00e9sident br\u00e9silien Luiz In\u00e1cio Lula da Silva a insist\u00e9 pour que l\u2019accord UE-Mercosur soit conclu dans les six mois, tandis qu\u2019Emmanuel Macron a r\u00e9it\u00e9r\u00e9 son refus de soutenir le texte dans son \u00e9tat actuel.<\/p>\n<p>\n[\u00c9dit\u00e9 par Anne-Sophie Gayet]<\/p>\n","protected":false},"excerpt":{"rendered":"Alors que l\u2019Allemagne redouble d\u2019efforts pour finaliser l\u2019accord de libre-\u00e9change entre l\u2019Union europ\u00e9enne et le Mercosur, la France&hellip;\n","protected":false},"author":2,"featured_media":182696,"comment_status":"","ping_status":"","sticky":false,"template":"","format":"standard","meta":{"footnotes":""},"categories":[1587],"tags":[11,672,1804,1805,1803,1777,674,1801,12,1802],"class_list":{"0":"post-194759","1":"post","2":"type-post","3":"status-publish","4":"format-standard","5":"has-post-thumbnail","7":"category-allemagne","8":"tag-actualites","9":"tag-allemagne","10":"tag-bundesrepublik-deutschland","11":"tag-de","12":"tag-deutschland","13":"tag-eu","14":"tag-europe","15":"tag-germany","16":"tag-news","17":"tag-republique-federale-dallemagne"},"share_on_mastodon":{"url":"https:\/\/pubeurope.com\/@fr\/114724452730318413","error":""},"_links":{"self":[{"href":"https:\/\/www.europesays.com\/fr\/wp-json\/wp\/v2\/posts\/194759","targetHints":{"allow":["GET"]}}],"collection":[{"href":"https:\/\/www.europesays.com\/fr\/wp-json\/wp\/v2\/posts"}],"about":[{"href":"https:\/\/www.europesays.com\/fr\/wp-json\/wp\/v2\/types\/post"}],"author":[{"embeddable":true,"href":"https:\/\/www.europesays.com\/fr\/wp-json\/wp\/v2\/users\/2"}],"replies":[{"embeddable":true,"href":"https:\/\/www.europesays.com\/fr\/wp-json\/wp\/v2\/comments?post=194759"}],"version-history":[{"count":0,"href":"https:\/\/www.europesays.com\/fr\/wp-json\/wp\/v2\/posts\/194759\/revisions"}],"wp:featuredmedia":[{"embeddable":true,"href":"https:\/\/www.europesays.com\/fr\/wp-json\/wp\/v2\/media\/182696"}],"wp:attachment":[{"href":"https:\/\/www.europesays.com\/fr\/wp-json\/wp\/v2\/media?parent=194759"}],"wp:term":[{"taxonomy":"category","embeddable":true,"href":"https:\/\/www.europesays.com\/fr\/wp-json\/wp\/v2\/categories?post=194759"},{"taxonomy":"post_tag","embeddable":true,"href":"https:\/\/www.europesays.com\/fr\/wp-json\/wp\/v2\/tags?post=194759"}],"curies":[{"name":"wp","href":"https:\/\/api.w.org\/{rel}","templated":true}]}}