{"id":194767,"date":"2025-06-22T01:40:16","date_gmt":"2025-06-22T01:40:16","guid":{"rendered":"https:\/\/www.europesays.com\/fr\/194767\/"},"modified":"2025-06-22T01:40:16","modified_gmt":"2025-06-22T01:40:16","slug":"lea-salame-se-mettra-en-retrait-du-20-heures-de-france-2-si-son-compagnon-raphael-glucksmann-se-presente-en-2027","status":"publish","type":"post","link":"https:\/\/www.europesays.com\/fr\/194767\/","title":{"rendered":"L\u00e9a Salam\u00e9 se mettra \u00ab\u00a0en retrait\u00a0\u00bb du 20\u00a0heures de France\u00a02 si son compagnon Rapha\u00ebl Glucksmann se pr\u00e9sente en 2027"},"content":{"rendered":"<p class=\"paragraph text_align_left lp-f-body-02\">Elle veut \u00e9viter tout conflit d\u2019int\u00e9r\u00eat. La journaliste L\u00e9a Salam\u00e9, <a href=\"https:\/\/www.leparisien.fr\/culture-loisirs\/tv\/lea-salame-prend-le-20-heures-de-france-2-et-quitte-la-matinale-de-france-inter-19-06-2025-EHS6ND3YDVHAPEOVGO2TGU5LI4.php\" target=\"_blank\" rel=\"noreferrer nofollow noopener\">qui pr\u00e9sentera le 20\u00a0heures de France\u00a02 \u00e0 la rentr\u00e9e<\/a>, a promis de se mettre \u00ab\u00a0en retrait\u00a0\u00bb si son compagnon <a href=\"https:\/\/www.leparisien.fr\/politique\/ca-ne-change-rien-malgre-salame-au-20-heures-de-france-2-glucksmann-entend-bien-continuer-sa-carriere-politique-19-06-2025-PCULU2JNY5EQFJLFKJTADNI64M.php\" target=\"_blank\" rel=\"noreferrer nofollow noopener\">Rapha\u00ebl Glucksmann<\/a> \u00e9tait candidat en 2027, dans une interview \u00e0 <a href=\"https:\/\/www.latribune.fr\/la-tribune-dimanche\/culture-et-tendances\/cinema-ecrans\/lea-salame-faire-appel-a-moi-pour-le-20-heures-est-un-choix-tres-audacieux-1027825.html\" target=\"_blank\" rel=\"noreferrer nofollow noopener\">La Tribune Dimanche<\/a>.<\/p>\n<p class=\"paragraph text_align_left lp-f-body-02\">Le chef de file de Place Publique, possible pr\u00e9sidentiable \u00e0 gauche, \u00ab\u00a0est d\u00e9put\u00e9 europ\u00e9en depuis six ans et cela ne m\u2019a pas emp\u00each\u00e9e de pr\u00e9senter L\u2019\u00c9mission politique pendant cinq ans, de faire l\u2019interview du 14-Juillet, le d\u00e9bat de l\u2019entre-deux-tours en 2022 ou d\u2019avoir tous les politiques au micro le matin sur France Inter\u00a0\u00bb, a d\u00e9clar\u00e9 L\u00e9a Salam\u00e9, interrog\u00e9e sur le risque de \u00ab\u00a0conflits d\u2019int\u00e9r\u00eats\u00a0\u00bb depuis qu\u2019elle a \u00e9t\u00e9 d\u00e9sign\u00e9e jeudi pour remplacer Anne-Sophie Lapix aux commandes du 20\u00a0heures.<\/p>\n<p class=\"paragraph text_align_left lp-f-body-02\">\u00ab\u00a0D\u2019Emmanuel Macron \u00e0 Marine Le\u00a0Pen en passant par Bruno Retailleau, \u00c9douard Philippe ou Jean-Luc M\u00e9lenchon, je n\u2019ai jamais senti dans leurs yeux qu\u2019ils me prenaient pour la femme de\u2026\u00a0\u00bb, a-t-elle \u00e9labor\u00e9. \u00ab\u00a0Les temps ont chang\u00e9 et les Fran\u00e7ais, politiques compris, sont beaucoup plus f\u00e9ministes qu\u2019on ne pourrait le croire\u00a0\u00bb.<\/p>\n<p>\u00ab\u00a0On cloisonne \u00e9norm\u00e9ment\u00a0\u00bb<\/p>\n<p class=\"paragraph text_align_left lp-f-body-02\">\u00ab\u00a0Mon couple n\u2019est un secret pour personne, mais on cloisonne \u00e9norm\u00e9ment nos activit\u00e9s. Et chacun a ses opinions, sa vision, ses convictions. Il n\u2019a \u00e9videmment jamais tenu mon stylo\u00a0! Ni moi le sien, d\u2019ailleurs\u00a0\u00bb, a-t-elle poursuivi.<\/p>\n<p class=\"paragraph text_align_left lp-f-body-02\">\u00ab\u00a0Il est \u00e9vident que (si Rapha\u00ebl Glucksmann <a href=\"https:\/\/www.leparisien.fr\/politique\/cest-lui-qui-incarne-le-plus-un-nouvel-espoir-raphael-glucksmann-en-mode-sous-marin-vers-la-presidentielle-25-05-2025-6PVU5M4435BRXBDXK7AUBO27CA.php\" target=\"_blank\" rel=\"noreferrer nofollow noopener\">venait \u00e0 \u00eatre candidat en 2027<\/a>) je me mettrais en retrait\u00a0\u00bb, a ajout\u00e9 la journaliste, interrog\u00e9e sur ce point, comme elle l\u2019avait fait en se mettant en retrait \u00e0 France Inter lorsqu\u2019il \u00e9tait candidat aux europ\u00e9ennes.<\/p>\n<p class=\"paragraph text_align_left lp-f-body-02\">Par le pass\u00e9, des journalistes comme Audrey Pulvar (alors en couple avec Arnaud Montebourg), Marie Drucker (avec Fran\u00e7ois Baroin), B\u00e9atrice Sch\u00f6nberg (mari\u00e9e \u00e0 Jean-Louis Borloo) ou Anne Sinclair (alors \u00e9pouse de Dominique Strauss-Kahn) ont d\u00fb mettre leur carri\u00e8re, au moins en partie, entre parenth\u00e8ses, du fait des activit\u00e9s politiques <a href=\"https:\/\/www.leparisien.fr\/culture-loisirs\/politiques-et-journalistes-en-couple-une-inevitable-porosite-07-11-2021-VQPSAORSMVFNBHJ3TCO4TFAYAM.php\" target=\"_blank\" rel=\"noreferrer nofollow noopener\">de leur conjoint<\/a>.<\/p>\n<p>Une \u00ab\u00a0responsabilit\u00e9 en cette p\u00e9riode chaotique\u00a0\u00bb<\/p>\n<p class=\"paragraph text_align_left lp-f-body-02\">L\u00e9a Salam\u00e9, qui pr\u00e9cise avoir \u00e9t\u00e9 \u00ab\u00a0tr\u00e8s tent\u00e9e <a href=\"https:\/\/www.leparisien.fr\/culture-loisirs\/tv\/elle-nen-dort-pas-la-nuit-bfmtv-ou-france-2-que-va-faire-lea-salame-a-la-rentree-14-06-2025-66RATZGD45BX5DWOMPX5DMF744.php\" target=\"_blank\" rel=\"noreferrer nofollow noopener\">de rejoindre BFMTV<\/a>\u00a0\u00bb, affirme que la PDG de France T\u00e9l\u00e9visions Delphine Ernotte l\u2019a convaincue en appelant \u00ab\u00a0\u00e0 (sa) responsabilit\u00e9 en cette p\u00e9riode chaotique\u00a0\u00bb dans le monde.<\/p>\n<p class=\"paragraph text_align_left lp-f-body-02\">\u00ab\u00a0Faire appel \u00e0 moi pour le 20\u00a0Heures est un choix tr\u00e8s audacieux\u00a0\u00bb, d\u00e9clare L\u00e9a Salam\u00e9, qui a obtenu \u00ab\u00a0la garantie\u00a0\u00bb de continuer \u00e0 pr\u00e9senter son talk show hebdomadaire \u00ab\u00a0Quelle \u00c9poque\u00a0!\u00a0\u00bb.<\/p>\n<p class=\"paragraph text_align_left lp-f-body-02\">Elle confie qu\u2019en pr\u00e9sentant le journal, elle va \u00ab\u00a0d\u00e9couvrir un aspect de (son) m\u00e9tier (qu\u2019elle) ne connait quasiment pas\u00a0\u00bb. \u00ab\u00a0J\u2019ai envie de d\u00e9velopper l\u2019international, sans \u00eatre non plus anxiog\u00e8ne. Mais je ne viens pas avec mon cahier des charges. Je mettrai ma patte petit \u00e0 petit.\u00a0\u00bb<\/p>\n<p class=\"paragraph text_align_left lp-f-body-02\">Sur la forme, \u00ab\u00a0mon objectif n\u2019est pas de heurter les t\u00e9l\u00e9spectateurs. Ce n\u2019est pas un lieu de spectacle ni le show d\u2019un pr\u00e9sentateur. (\u2026) Mais j\u2019entends garder ma libert\u00e9 et ne pas m\u2019interdire de sourire de temps en temps\u00a0\u00bb, souligne-t-elle.<\/p>\n","protected":false},"excerpt":{"rendered":"Elle veut \u00e9viter tout conflit d\u2019int\u00e9r\u00eat. La journaliste L\u00e9a Salam\u00e9, qui pr\u00e9sentera le 20\u00a0heures de France\u00a02 \u00e0 la&hellip;\n","protected":false},"author":2,"featured_media":194768,"comment_status":"","ping_status":"","sticky":false,"template":"","format":"standard","meta":{"footnotes":""},"categories":[4],"tags":[11,872,1011,27,12,25,2205],"class_list":{"0":"post-194767","1":"post","2":"type-post","3":"status-publish","4":"format-standard","5":"has-post-thumbnail","7":"category-france","8":"tag-actualites","9":"tag-culture-et-loisirs","10":"tag-fr","11":"tag-france","12":"tag-news","13":"tag-republique-francaise","14":"tag-television-medias"},"share_on_mastodon":{"url":"https:\/\/pubeurope.com\/@fr\/114724472320963521","error":""},"_links":{"self":[{"href":"https:\/\/www.europesays.com\/fr\/wp-json\/wp\/v2\/posts\/194767","targetHints":{"allow":["GET"]}}],"collection":[{"href":"https:\/\/www.europesays.com\/fr\/wp-json\/wp\/v2\/posts"}],"about":[{"href":"https:\/\/www.europesays.com\/fr\/wp-json\/wp\/v2\/types\/post"}],"author":[{"embeddable":true,"href":"https:\/\/www.europesays.com\/fr\/wp-json\/wp\/v2\/users\/2"}],"replies":[{"embeddable":true,"href":"https:\/\/www.europesays.com\/fr\/wp-json\/wp\/v2\/comments?post=194767"}],"version-history":[{"count":0,"href":"https:\/\/www.europesays.com\/fr\/wp-json\/wp\/v2\/posts\/194767\/revisions"}],"wp:featuredmedia":[{"embeddable":true,"href":"https:\/\/www.europesays.com\/fr\/wp-json\/wp\/v2\/media\/194768"}],"wp:attachment":[{"href":"https:\/\/www.europesays.com\/fr\/wp-json\/wp\/v2\/media?parent=194767"}],"wp:term":[{"taxonomy":"category","embeddable":true,"href":"https:\/\/www.europesays.com\/fr\/wp-json\/wp\/v2\/categories?post=194767"},{"taxonomy":"post_tag","embeddable":true,"href":"https:\/\/www.europesays.com\/fr\/wp-json\/wp\/v2\/tags?post=194767"}],"curies":[{"name":"wp","href":"https:\/\/api.w.org\/{rel}","templated":true}]}}