{"id":194782,"date":"2025-06-22T01:50:16","date_gmt":"2025-06-22T01:50:16","guid":{"rendered":"https:\/\/www.europesays.com\/fr\/194782\/"},"modified":"2025-06-22T01:50:16","modified_gmt":"2025-06-22T01:50:16","slug":"2-ans-apres-ses-critiques-nagui-sattaque-encore-a-tout-le-monde-veut-prendre-sa-place-je-netais-daccord-avec-rien","status":"publish","type":"post","link":"https:\/\/www.europesays.com\/fr\/194782\/","title":{"rendered":"2 ans apr\u00e8s ses critiques, Nagui s&rsquo;attaque encore \u00e0 Tout le monde veut prendre sa place, \u00ab\u00a0Je n&rsquo;\u00e9tais d&rsquo;accord avec rien\u00a0\u00bb"},"content":{"rendered":"<p>N&rsquo;esp\u00e9rez pas voir Nagui reprendre les manettes de Tout le monde veut prendre sa place, actuellement anim\u00e9e par Cyril F\u00e9raud. Le pr\u00e9sentateur de N&rsquo;oubliez pas les paroles l&rsquo;a rappel\u00e9, il ne supporte plus l&rsquo;\u00e9mission de France 2.<\/p>\n<p>Cela faisait longtemps que Nagui ne s&rsquo;\u00e9tait pas exprim\u00e9 sur N&rsquo;oubliez pas les paroles, une \u00e9mission qu&rsquo;il a anim\u00e9e entre 2006 et 2021, et qui est d\u00e9sormais entre les mains de Cyril F\u00e9raud sur France 2.<\/p>\n<p>Nagui critique (encore) Tout le monde veut prendre sa place<\/p>\n<p>Souvenez-vous, \u00e0 l&rsquo;automne 2023, l&rsquo;animateur n&rsquo;avait pas cach\u00e9 sa lassitude devant un tel format qu&rsquo;il jugeait d\u00e9pass\u00e9. \u00ab\u00a0Non seulement, je n&rsquo;ai aucun regret [d&rsquo;avoir arr\u00eat\u00e9 le jeu], mais je me demande pourquoi je ne suis pas parti plus t\u00f4t, d\u00e9clarait-il \u00e0 TVMag. <strong>Pour moi, c&rsquo;est une \u00e9mission qui a vieilli, qui n&rsquo;est plus du tout dans l&rsquo;air du temps<\/strong>. On est en train de maintenir en vie quelqu&rsquo;un de tr\u00e8s, tr\u00e8s, tr\u00e8s fatigu\u00e9\u00a0\u00bb.<\/p>\n<p>Des propos tr\u00e8s forts qui n&rsquo;auraient pas \u00e9t\u00e9 bien accueillis par sa direction, mais qu&rsquo;il assume encore aujourd&rsquo;hui. Au d\u00e9tour d&rsquo;une interview accord\u00e9e \u00e0 Diverto, Nagui a confess\u00e9 qu&rsquo;il aurait d\u00fb quitter le jeu bien plus t\u00f4t : \u00ab\u00a0Il y a eu une \u00e9mission o\u00f9 le public \u00e9tait l\u00e0, mais o\u00f9<strong> moi je ne prenais plus de plaisir <\/strong>et je l&rsquo;ai arr\u00eat\u00e9e.<strong> J&rsquo;avais m\u00eame fait, je pense, deux ans de trop<\/strong> dans Tout le monde veut prendre sa place\u00a0\u00bb.<\/p>\n<p>\u00ab\u00a0Je n&rsquo;\u00e9tais d&rsquo;accord avec rien\u00a0\u00bb<\/p>\n<p>Et si le pr\u00e9sentateur n&rsquo;a pas r\u00e9v\u00e9l\u00e9 ce qu&rsquo;il pensait de la version anim\u00e9e par F\u00e9raud depuis l&rsquo;\u00e9t\u00e9 2024, il a en revanche rappel\u00e9 que le TLMVPSP de son \u00e9poque lui \u00e9tait devenu insupportable&#8230;.<\/p>\n<p><a href=\"https:\/\/www.purebreak.com\/news\/2-ans-apres-ses-critiques-nagui-sattaque-encore-a-tout-le-monde-veut-prendre-sa-place-je-netais-daccord-avec-rien\/254107\" rel=\"nofollow noopener\" target=\"_blank\" data-ylk=\"slk:Lire la suite;elm:context_link;itc:0;sec:content-canvas\" class=\"link \">Lire la suite<\/a><\/p>\n<p>\u00c0 lire aussi<\/p>\n<p><a href=\"https:\/\/www.purebreak.com\/news\/tout-le-monde-veut-prendre-sa-place-bientot-la-fin-du-jeu-sur-france-2-a-cause-de-tf1-cyril-feraud-se-confie-cest-presque-un-miracle\/252209\" rel=\"nofollow noopener\" target=\"_blank\" data-ylk=\"slk:Tout le monde veut prendre sa place : bient\u00f4t la fin du jeu sur France 2 \u00e0 cause... de TF1 ? Cyril F\u00e9raud se confie, &quot;C&#039;est presque un miracle...&quot;;elm:context_link;itc:0;sec:content-canvas\" class=\"link \">Tout le monde veut prendre sa place : bient\u00f4t la fin du jeu sur France 2 \u00e0 cause&#8230; de TF1 ? Cyril F\u00e9raud se confie, \u00ab\u00a0C&rsquo;est presque un miracle&#8230;\u00a0\u00bb<\/a><br \/><a href=\"https:\/\/www.purebreak.com\/news\/tout-pour-la-lumiere-trop-de-series-quotidiennes-a-la-tele-une-star-de-tf1-defend-le-genre-il-y-a-de-la-place-pour-tout-le-monde\/254058\" rel=\"nofollow noopener\" target=\"_blank\" data-ylk=\"slk:Tout pour la lumi\u00e8re : trop de s\u00e9ries quotidiennes \u00e0 la t\u00e9l\u00e9 ? Une star de TF1 d\u00e9fend le genre, &quot;Il y a de la place pour tout le monde&quot;;elm:context_link;itc:0;sec:content-canvas\" class=\"link \">Tout pour la lumi\u00e8re : trop de s\u00e9ries quotidiennes \u00e0 la t\u00e9l\u00e9 ? Une star de TF1 d\u00e9fend le genre, \u00ab\u00a0Il y a de la place pour tout le monde\u00a0\u00bb<\/a><br \/><a href=\"https:\/\/www.purebreak.com\/news\/greys-anatomy-cette-scene-a-fait-pleurer-des-millions-de-fans-mais-elle-a-surtout-ete-impossible-a-tourner-pour-2-acteurs-letat-de-stress-total-dans-lequel-jetais-plongee\/253355\" rel=\"nofollow noopener\" target=\"_blank\" data-ylk=\"slk:Grey&#039;s Anatomy : cette sc\u00e8ne a fait pleurer des millions de fans, mais elle a surtout \u00e9t\u00e9 impossible \u00e0 tourner pour 2 acteurs, &quot;L&#039;\u00e9tat de stress total dans lequel j&#039;\u00e9tais plong\u00e9e...&quot;;elm:context_link;itc:0;sec:content-canvas\" class=\"link \">Grey&rsquo;s Anatomy : cette sc\u00e8ne a fait pleurer des millions de fans, mais elle a surtout \u00e9t\u00e9 impossible \u00e0 tourner pour 2 acteurs, \u00ab\u00a0L&rsquo;\u00e9tat de stress total dans lequel j&rsquo;\u00e9tais plong\u00e9e&#8230;\u00a0\u00bb<\/a><\/p>\n","protected":false},"excerpt":{"rendered":"N&rsquo;esp\u00e9rez pas voir Nagui reprendre les manettes de Tout le monde veut prendre sa place, actuellement anim\u00e9e par&hellip;\n","protected":false},"author":2,"featured_media":194783,"comment_status":"","ping_status":"","sticky":false,"template":"","format":"standard","meta":{"footnotes":""},"categories":[1359],"tags":[4642,58,59,1011,27,594,10477,973,12120],"class_list":{"0":"post-194782","1":"post","2":"type-post","3":"status-publish","4":"format-standard","5":"has-post-thumbnail","7":"category-people","8":"tag-cyril-feraud","9":"tag-divertissement","10":"tag-entertainment","11":"tag-fr","12":"tag-france","13":"tag-france-2","14":"tag-nagui","15":"tag-people","16":"tag-tout-le-monde-veut-prendre-sa-place"},"share_on_mastodon":{"url":"https:\/\/pubeurope.com\/@fr\/114724511619931168","error":""},"_links":{"self":[{"href":"https:\/\/www.europesays.com\/fr\/wp-json\/wp\/v2\/posts\/194782","targetHints":{"allow":["GET"]}}],"collection":[{"href":"https:\/\/www.europesays.com\/fr\/wp-json\/wp\/v2\/posts"}],"about":[{"href":"https:\/\/www.europesays.com\/fr\/wp-json\/wp\/v2\/types\/post"}],"author":[{"embeddable":true,"href":"https:\/\/www.europesays.com\/fr\/wp-json\/wp\/v2\/users\/2"}],"replies":[{"embeddable":true,"href":"https:\/\/www.europesays.com\/fr\/wp-json\/wp\/v2\/comments?post=194782"}],"version-history":[{"count":0,"href":"https:\/\/www.europesays.com\/fr\/wp-json\/wp\/v2\/posts\/194782\/revisions"}],"wp:featuredmedia":[{"embeddable":true,"href":"https:\/\/www.europesays.com\/fr\/wp-json\/wp\/v2\/media\/194783"}],"wp:attachment":[{"href":"https:\/\/www.europesays.com\/fr\/wp-json\/wp\/v2\/media?parent=194782"}],"wp:term":[{"taxonomy":"category","embeddable":true,"href":"https:\/\/www.europesays.com\/fr\/wp-json\/wp\/v2\/categories?post=194782"},{"taxonomy":"post_tag","embeddable":true,"href":"https:\/\/www.europesays.com\/fr\/wp-json\/wp\/v2\/tags?post=194782"}],"curies":[{"name":"wp","href":"https:\/\/api.w.org\/{rel}","templated":true}]}}