{"id":194784,"date":"2025-06-22T01:51:43","date_gmt":"2025-06-22T01:51:43","guid":{"rendered":"https:\/\/www.europesays.com\/fr\/194784\/"},"modified":"2025-06-22T01:51:43","modified_gmt":"2025-06-22T01:51:43","slug":"avec-lexposition-produire-du-vide-a-nimes-lartiste-joris-brantuas-se-moque-du-bon-gout","status":"publish","type":"post","link":"https:\/\/www.europesays.com\/fr\/194784\/","title":{"rendered":"Avec l\u2019exposition \u00ab\u00a0Produire du vide\u00a0\u00bb \u00e0 N\u00eemes, l\u2019artiste Joris Brantuas se moque du bon go\u00fbt"},"content":{"rendered":"<p>\n                                                                Dans de gigantesques garages, l\u2019artiste Joris Brantuas s\u2019installe avec des grandes toiles jouant avec les r\u00e9f\u00e9rences, le kitsch et le baroque.\n                            <\/p>\n<p>Joris Brantuas n\u2019a pas l\u2019habitude de peindre pour s\u2019engager, encore moins pour s\u00e9duire. Il peint, c\u2019est tout et c\u2019est d\u00e9j\u00e0 pas mal. Avec la complicit\u00e9 de l\u2019ancienne galeriste Catherine Guilbot, il pr\u00e9sente \u00ab\u00a0Produire du vide\u00a0\u00bb\u00a0dans un lieu \u00e9tonnant. Rue Ruffi, dans de gigantesques espaces, avant de construire un immeuble, le promoteur Habitec a confi\u00e9 les espaces vacants \u00e0 des artistes. \u00ab\u00a0Mes parents ont un parcours artistique. On s\u2019est toujours dit que ce lieu pourrait profiter \u00e0 des artistes\u00a0\u00bb, rappelle Karen Winkler, dont le p\u00e8re a enseign\u00e9 aux beaux-arts de Montpellier avant de devenir promoteur.<\/p>\n<p>Dans des garages de 600 m\u00e8tres carr\u00e9s, avec une belle hauteur pour plafond, le peintre d\u00e9ploie son travail avec joie, envahissant les volumes. \u00ab\u00a0C\u2019est g\u00e9nial d\u2019avoir un espace et de faire ce qu\u2019on veut. C\u2019est une fa\u00e7on de respecter le travail de l\u2019artiste. L\u2019exposition s\u2019est mont\u00e9e en un mois et j\u2019ai eu carte blanche. C\u2019est tr\u00e8s g\u00e9n\u00e9reux et cela devrait \u00eatre toujours comme \u00e7a\u00a0\u00bb, se f\u00e9licite le peintre.<\/p>\n<p>Un garage de 600 m\u00e8tres carr\u00e9s<\/p>\n<p>\u00ab\u00a0Le point de d\u00e9part, c\u2019est le lieu, les personnes, le contexte\u00a0\u00bb, poursuit le peintre qui pr\u00e9sente une s\u00e9rie de grands formats, certains pos\u00e9s contre les murs, d\u2019autres flottant au milieu. \u00ab\u00a0Tout le monde veut cr\u00e9er du sens, moi je veux juste faire les choses de fa\u00e7on naturelle\u00a0\u00bb, poursuit l\u2019artiste, qui s\u2019int\u00e9resse \u00e0 l\u2019art et non \u00e0 la culture. \u00ab\u00a0Le sujet de l\u2019art, c\u2019est l\u2019art et le sujet de la peinture, c\u2019est la peinture.\u00a0\u00bb\u00a0Joris Brantuas assemble ses ch\u00e2ssis, sur lesquels il tend des toiles bon march\u00e9 achet\u00e9es sur les march\u00e9s, mais pr\u00e9par\u00e9es \u00e0 l\u2019ancienne \u00e0 la colle de peau de lapin.<\/p>\n<p>Le support de d\u00e9part, les motifs, les plis sont comme des \u00ab\u00a0petits bavardages\u00a0\u00bb\u00a0avec lesquels Joris Brantuas s\u2019amuse.<br \/>Ces derniers temps, il s\u2019est orient\u00e9 vers le baroque, d\u00e9tournant autant les codes classiques que ceux de l\u2019abstraction, du kitsch ou du graffiti, vidant sur ses toiles des bombes argent\u00e9es et dor\u00e9es fa\u00e7on nouveau riche. \u00ab\u00a0Il faut \u00e9vacuer la notion de go\u00fbt\u00a0\u00bb, sourit l\u2019artiste.<\/p>\n<p>Vernisssage mardi 17\u00a0juin, 18\u00a0h-22\u00a0h. Jusqu\u2019au 27\u00a0juillet, vendredi au dimanche, 11\u00a0h-18 h. 23 rue Ruffi, N\u00eemes. Entr\u00e9e libre. 06\u00a035\u00a053\u00a047\u00a017.<\/p>\n","protected":false},"excerpt":{"rendered":"Dans de gigantesques garages, l\u2019artiste Joris Brantuas s\u2019installe avec des grandes toiles jouant avec les r\u00e9f\u00e9rences, le kitsch&hellip;\n","protected":false},"author":2,"featured_media":194785,"comment_status":"","ping_status":"","sticky":false,"template":"","format":"standard","meta":{"footnotes":""},"categories":[1358],"tags":[1348,1384,1385,1386,58,59,1011,27],"class_list":{"0":"post-194784","1":"post","2":"type-post","3":"status-publish","4":"format-standard","5":"has-post-thumbnail","7":"category-arts-et-design","8":"tag-arts","9":"tag-arts-and-design","10":"tag-arts-et-design","11":"tag-design","12":"tag-divertissement","13":"tag-entertainment","14":"tag-fr","15":"tag-france"},"share_on_mastodon":{"url":"https:\/\/pubeurope.com\/@fr\/114724515572352553","error":""},"_links":{"self":[{"href":"https:\/\/www.europesays.com\/fr\/wp-json\/wp\/v2\/posts\/194784","targetHints":{"allow":["GET"]}}],"collection":[{"href":"https:\/\/www.europesays.com\/fr\/wp-json\/wp\/v2\/posts"}],"about":[{"href":"https:\/\/www.europesays.com\/fr\/wp-json\/wp\/v2\/types\/post"}],"author":[{"embeddable":true,"href":"https:\/\/www.europesays.com\/fr\/wp-json\/wp\/v2\/users\/2"}],"replies":[{"embeddable":true,"href":"https:\/\/www.europesays.com\/fr\/wp-json\/wp\/v2\/comments?post=194784"}],"version-history":[{"count":0,"href":"https:\/\/www.europesays.com\/fr\/wp-json\/wp\/v2\/posts\/194784\/revisions"}],"wp:featuredmedia":[{"embeddable":true,"href":"https:\/\/www.europesays.com\/fr\/wp-json\/wp\/v2\/media\/194785"}],"wp:attachment":[{"href":"https:\/\/www.europesays.com\/fr\/wp-json\/wp\/v2\/media?parent=194784"}],"wp:term":[{"taxonomy":"category","embeddable":true,"href":"https:\/\/www.europesays.com\/fr\/wp-json\/wp\/v2\/categories?post=194784"},{"taxonomy":"post_tag","embeddable":true,"href":"https:\/\/www.europesays.com\/fr\/wp-json\/wp\/v2\/tags?post=194784"}],"curies":[{"name":"wp","href":"https:\/\/api.w.org\/{rel}","templated":true}]}}