{"id":194800,"date":"2025-06-22T01:59:12","date_gmt":"2025-06-22T01:59:12","guid":{"rendered":"https:\/\/www.europesays.com\/fr\/194800\/"},"modified":"2025-06-22T01:59:12","modified_gmt":"2025-06-22T01:59:12","slug":"fini-les-appels-groupes-whatsapp-passe-au-talkie-walkie","status":"publish","type":"post","link":"https:\/\/www.europesays.com\/fr\/194800\/","title":{"rendered":"Fini les appels group\u00e9s : WhatsApp passe au talkie-walkie"},"content":{"rendered":"<p>Concr\u00e8tement, l\u2019utilisateur maintient un bouton enfonc\u00e9 pour parler, comme sur un vrai talkie-walkie. Le message est alors entendu en direct par les membres connect\u00e9s \u00e0 ce moment-l\u00e0. Il suffit de rel\u00e2cher le bouton pour \u00e9couter les autres. Aucun historique n\u2019est conserv\u00e9, aucun enregistrement n\u2019est stock\u00e9 dans le fil de discussion. Et surtout, aucun appel ne vient interrompre tout le monde\u00a0: seuls ceux qui choisissent de rejoindre la session vocale y participent.<\/p>\n<p> WhatsApp se prend pour un talkie-walkie <\/p>\n<p>Pour activer cette fonction, il faut glisser vers le haut depuis la barre de message d\u2019un groupe, puis appuyer sur le bouton circulaire au centre de l\u2019\u00e9cran. Une animation s\u2019affiche, indiquant que la session vocale est en cours. L\u2019utilisateur peut \u00e9galement envoyer un emoji de main lev\u00e9e pour signaler aux autres membres que le canal est actif.<\/p>\n<p>Avec le mode Talkie-Walkie, WhatsApp veut combler un vide entre les appels de groupe (souvent jug\u00e9s trop intrusifs) et les notes vocales (souvent trop longues ou envahissantes). La fonctionnalit\u00e9 s\u2019adresse \u00e0 toutes sortes de situations\u00a0: organiser une sortie entre amis, coordonner un \u00e9v\u00e9nement, r\u00e9partir des t\u00e2ches dans une \u00e9quipe, ou simplement \u00e9changer \u00e0 la vol\u00e9e sans surcharger la conversation.<\/p>\n<p>Pour les professionnels, notamment les TPE ou \u00e9quipes mobiles, cela permet aussi de transmettre des consignes sans couper le rythme de travail. Dans un cadre personnel, c\u2019est un moyen assez efficace d\u2019improviser un \u00e9change vocal sans solliciter tout le monde de fa\u00e7on intrusive.<\/p>\n<p>Parmi les avantages mis en avant, on note la rapidit\u00e9 d\u2019usage, une faible consommation de donn\u00e9es et une plus grande discr\u00e9tion. Personne n\u2019est oblig\u00e9 de participer, et rien n\u2019appara\u00eet dans l\u2019historique du groupe une fois la session termin\u00e9e. Une fois la conversation termin\u00e9e, tout dispara\u00eet.<\/p>\n<p>C\u00f4t\u00e9 technique, WhatsApp pr\u00e9cise que la fonctionnalit\u00e9 est l\u00e9g\u00e8re en donn\u00e9es et en batterie, puisqu\u2019elle repose sur de courts \u00e9changes audio diffus\u00e9s uniquement aux utilisateurs pr\u00e9sents. Attention cependant\u00a0: pour que le mode soit actif dans un groupe, tous les participants doivent avoir une version r\u00e9cente de l\u2019application. Sans cela, la fonction peut rester inaccessible.<\/p>\n<p>Inspir\u00e9 des radios CB ou des anciens talkies-walkies, ce mode rappelle une communication plus directe, plus vivante, et presque\u2026 nostalgique\u00a0! Loin des longues notes audio laiss\u00e9es en rafale ou des appels group\u00e9s qui cassent les pieds en tout temps, ce syst\u00e8me trouvera certainement son utilit\u00e9 dans les \u00e9changes rapides o\u00f9 l\u2019\u00e9crit est moins pratique.<\/p>\n<p>Cette nouveaut\u00e9 s\u2019ajoute \u00e0 d\u2019autres fonctions apparues r\u00e9cemment dans WhatsApp\u00a0: la cr\u00e9ation de listes de contacts favorites, les r\u00e9actions priv\u00e9es aux statuts ou encore l\u2019ajout direct de contacts depuis l\u2019application.<\/p>\n<blockquote>\n<p class=\"text-base text-neutral-700 dark:text-neutral-300\">\ud83d\udfe3 Pour ne manquer aucune news sur le Journal du Geek, abonnez-vous sur <a href=\"https:\/\/news.google.com\/publications\/CAAqBwgKMNr_hAswwYyCAw?hl=fr&amp;gl=FR&amp;ceid=FR%3Afr\" target=\"_blank\" rel=\"nofollow noopener\">Google Actualit\u00e9s<\/a> et sur <a href=\"https:\/\/whatsapp.com\/channel\/0029VaClM5y4tRry12tb7D2h\" target=\"_blank\" rel=\"nofollow noopener\">notre WhatsApp<\/a>. Et si vous nous adorez, on a <a href=\"https:\/\/www.journaldugeek.com\/newsletter\/\" target=\"_blank\" rel=\"nofollow noopener\">une newsletter tous les matins<\/a>.<\/p>\n<\/blockquote>\n","protected":false},"excerpt":{"rendered":"Concr\u00e8tement, l\u2019utilisateur maintient un bouton enfonc\u00e9 pour parler, comme sur un vrai talkie-walkie. Le message est alors entendu&hellip;\n","protected":false},"author":2,"featured_media":194801,"comment_status":"","ping_status":"","sticky":false,"template":"","format":"standard","meta":{"footnotes":""},"categories":[7],"tags":[1011,27,43,40,41,39,42,44,250],"class_list":{"0":"post-194800","1":"post","2":"type-post","3":"status-publish","4":"format-standard","5":"has-post-thumbnail","7":"category-sciences-et-technologies","8":"tag-fr","9":"tag-france","10":"tag-science","11":"tag-science-and-technology","12":"tag-sciences","13":"tag-sciences-et-technologies","14":"tag-technologies","15":"tag-technology","16":"tag-whatsapp"},"share_on_mastodon":{"url":"https:\/\/pubeurope.com\/@fr\/114724547083307657","error":""},"_links":{"self":[{"href":"https:\/\/www.europesays.com\/fr\/wp-json\/wp\/v2\/posts\/194800","targetHints":{"allow":["GET"]}}],"collection":[{"href":"https:\/\/www.europesays.com\/fr\/wp-json\/wp\/v2\/posts"}],"about":[{"href":"https:\/\/www.europesays.com\/fr\/wp-json\/wp\/v2\/types\/post"}],"author":[{"embeddable":true,"href":"https:\/\/www.europesays.com\/fr\/wp-json\/wp\/v2\/users\/2"}],"replies":[{"embeddable":true,"href":"https:\/\/www.europesays.com\/fr\/wp-json\/wp\/v2\/comments?post=194800"}],"version-history":[{"count":0,"href":"https:\/\/www.europesays.com\/fr\/wp-json\/wp\/v2\/posts\/194800\/revisions"}],"wp:featuredmedia":[{"embeddable":true,"href":"https:\/\/www.europesays.com\/fr\/wp-json\/wp\/v2\/media\/194801"}],"wp:attachment":[{"href":"https:\/\/www.europesays.com\/fr\/wp-json\/wp\/v2\/media?parent=194800"}],"wp:term":[{"taxonomy":"category","embeddable":true,"href":"https:\/\/www.europesays.com\/fr\/wp-json\/wp\/v2\/categories?post=194800"},{"taxonomy":"post_tag","embeddable":true,"href":"https:\/\/www.europesays.com\/fr\/wp-json\/wp\/v2\/tags?post=194800"}],"curies":[{"name":"wp","href":"https:\/\/api.w.org\/{rel}","templated":true}]}}