{"id":194802,"date":"2025-06-22T02:00:12","date_gmt":"2025-06-22T02:00:12","guid":{"rendered":"https:\/\/www.europesays.com\/fr\/194802\/"},"modified":"2025-06-22T02:00:12","modified_gmt":"2025-06-22T02:00:12","slug":"a-bastia-en-haute-corse-trois-entrepreneurs-lancent-la-boutique-en-ligne-winenex-le-vinted-du-vin","status":"publish","type":"post","link":"https:\/\/www.europesays.com\/fr\/194802\/","title":{"rendered":"\u00c0 Bastia en Haute-Corse, trois entrepreneurs lancent la boutique en ligne Winenex, le \u00ab\u00a0Vinted du vin\u00a0\u00bb"},"content":{"rendered":"<p>Et si l&rsquo;on appliquait le principe de Vinted\u2026 au vin\u00a0? C&rsquo;est le pari audacieux que se sont lanc\u00e9 trois amis bastiais, amateurs de bon vin et collectionneurs dans l&rsquo;\u00e2me. Il y a environ un mois, Jean-Andr\u00e9 Taffarelli, Laurent Ambrosini et Pierre Ridolfi ont lanc\u00e9<strong> Winenex<\/strong>, une<strong> marketplace<\/strong> 100\u00a0% d\u00e9di\u00e9e \u00e0 l&rsquo;achat et \u00e0 la <strong>revente de vins.<\/strong><\/p>\n<p>Accessible depuis n&rsquo;importe quel navigateur, cette plateforme permet \u00e0 tout un chacun de poster des annonces en quelques clics. Que vous soyez un vigneron, un caviste ou un simple particulier d\u00e9sireux d&rsquo;all\u00e9ger sa cave, vous pouvez ouvrir votre boutique virtuelle. \u00ab\u00a0L&rsquo;id\u00e9e, c&rsquo;est de pouvoir vendre une bouteille comme on vendrait un jean ou une paire de chaussures sur Vinted\u00a0\u00bb, r\u00e9sume Jean-Andr\u00e9 Taffarelli.<\/p>\n<p>La plateforme abrite d\u00e9j\u00e0 un peu plus d&rsquo;une centaine d&rsquo;annonces<\/p>\n<p>Sur la plateforme, des vins locaux, continentaux, europ\u00e9ens, et m\u00eame venus de plus loin. \u00ab\u00a0Actuellement, on recense un peu plus d&rsquo;une centaine d&rsquo;annonces en ligne, principalement propos\u00e9es par des particuliers, mais pas uniquement, pr\u00e9cise Jean-Andr\u00e9 Taffarelli. Depuis peu, la dynamique s&rsquo;acc\u00e9l\u00e8re\u00a0: plus de 2\u00a0500 annonces \u00e9manant de professionnels devraient \u00eatre mises en ligne dans les semaines \u00e0 venir. Par ailleurs, plusieurs cavistes nous ont d\u00e9j\u00e0 contact\u00e9s pour rejoindre la marketplace.\u00a0\u00bb<\/p>\n<p>Pour aider les utilisateurs \u00e0 estimer leurs bouteilles, la plateforme int\u00e8gre une intelligence artificielle capable de fournir une cotation instantan\u00e9e \u00e0 partir d&rsquo;une simple photo de l&rsquo;\u00e9tiquette. Mais le prix final reste enti\u00e8rement libre. C\u00f4t\u00e9 transport, plusieurs options sont propos\u00e9es\u00a0: Mondial Relay ou Colissimo. Quant aux frais de livraisons, ils sont automatiquement calcul\u00e9s selon le poids et la valeur des bouteilles.<\/p>\n<p>Mais qu&rsquo;en est-il de la qualit\u00e9 des vins\u00a0? \u00ab\u00a0Nous ne pouvons pas garantir l&rsquo;\u00e9tat d&rsquo;une bouteille qu&rsquo;on n&rsquo;a pas sous les yeux\u00a0\u00bb, reconna\u00eet l&rsquo;un des fondateurs. \u00ab\u00a0En cas de probl\u00e8me, par exemple une bouteille bouchonn\u00e9e ou mal conserv\u00e9e, la responsabilit\u00e9 revient au vendeur.\u00a0\u00bb Un fonctionnement assum\u00e9, inspir\u00e9 de la logique des plateformes entre particuliers.<\/p>\n<p>Des livraisons sur l&rsquo;ensemble de l&rsquo;\u00eele, sur le Continent et m\u00eame en Europe<\/p>\n<p>\u00c0 Ajaccio, \u00c9milien M., collectionneur de vin et nouvel utilisateur de la plateforme, salue l&rsquo;initiative. \u00ab\u00a0C&rsquo;est une super id\u00e9e, \u00e7a permet de connecter pros et particuliers\u00a0\u00bb, estime-t-il. Mais ce particulier reste prudent, pointant un risque\u00a0: la sp\u00e9culation. \u00ab\u00a0Ce ne sont pas les cr\u00e9ateurs de la plateforme qui vendent le vin, mais des pros ou des particuliers qui fixent leurs propres prix. Et comme la marketplace prend une commission, les vendeurs pourraient \u00eatre tent\u00e9s d&rsquo;augmenter leurs tarifs pour ne pas rogner leur marge. R\u00e9sultat\u00a0: les prix pourraient grimper.\u00a0\u00bb<\/p>\n<p>Lanc\u00e9e il y a tout juste un mois, Winenex vise d\u00e9j\u00e0 plus grand. Car s&rsquo;ils sont attach\u00e9s \u00e0 leur \u00eele, les trois entrepreneurs ne limitent pas leur ambition. \u00ab\u00a0Les livraisons sont possibles partout en Corse, mais \u00e9galement sur l&rsquo;ensemble du territoire national et en Europe, \u00e0 l&rsquo;exception de la Suisse pour le moment\u00a0\u00bb, d\u00e9taille Jean-Andr\u00e9 Taffarelli.<\/p>\n<p>\u00c0 terme, les cr\u00e9ateurs de ce \u00ab\u00a0Vinted du vin\u00a0\u00bb souhaitent ouvrir leur propre boutique sur la plateforme, avec des bouteilles issues de n\u00e9gociations exclusives.<\/p>\n","protected":false},"excerpt":{"rendered":"Et si l&rsquo;on appliquait le principe de Vinted\u2026 au vin\u00a0? C&rsquo;est le pari audacieux que se sont lanc\u00e9&hellip;\n","protected":false},"author":2,"featured_media":194803,"comment_status":"","ping_status":"","sticky":false,"template":"","format":"standard","meta":{"footnotes":""},"categories":[6],"tags":[17,5621,11647,35,33,34,15271,1011,27,9089,3052,1100,33360],"class_list":{"0":"post-194802","1":"post","2":"type-post","3":"status-publish","4":"format-standard","5":"has-post-thumbnail","7":"category-economie","8":"tag-17","9":"tag-bastia","10":"tag-boutique","11":"tag-business","12":"tag-economie","13":"tag-economy","14":"tag-entrepreneurs","15":"tag-fr","16":"tag-france","17":"tag-lancent","18":"tag-ligne","19":"tag-trois","20":"tag-winenex"},"share_on_mastodon":{"url":"https:\/\/pubeurope.com\/@fr\/114724551000480494","error":""},"_links":{"self":[{"href":"https:\/\/www.europesays.com\/fr\/wp-json\/wp\/v2\/posts\/194802","targetHints":{"allow":["GET"]}}],"collection":[{"href":"https:\/\/www.europesays.com\/fr\/wp-json\/wp\/v2\/posts"}],"about":[{"href":"https:\/\/www.europesays.com\/fr\/wp-json\/wp\/v2\/types\/post"}],"author":[{"embeddable":true,"href":"https:\/\/www.europesays.com\/fr\/wp-json\/wp\/v2\/users\/2"}],"replies":[{"embeddable":true,"href":"https:\/\/www.europesays.com\/fr\/wp-json\/wp\/v2\/comments?post=194802"}],"version-history":[{"count":0,"href":"https:\/\/www.europesays.com\/fr\/wp-json\/wp\/v2\/posts\/194802\/revisions"}],"wp:featuredmedia":[{"embeddable":true,"href":"https:\/\/www.europesays.com\/fr\/wp-json\/wp\/v2\/media\/194803"}],"wp:attachment":[{"href":"https:\/\/www.europesays.com\/fr\/wp-json\/wp\/v2\/media?parent=194802"}],"wp:term":[{"taxonomy":"category","embeddable":true,"href":"https:\/\/www.europesays.com\/fr\/wp-json\/wp\/v2\/categories?post=194802"},{"taxonomy":"post_tag","embeddable":true,"href":"https:\/\/www.europesays.com\/fr\/wp-json\/wp\/v2\/tags?post=194802"}],"curies":[{"name":"wp","href":"https:\/\/api.w.org\/{rel}","templated":true}]}}