{"id":194833,"date":"2025-06-22T02:23:15","date_gmt":"2025-06-22T02:23:15","guid":{"rendered":"https:\/\/www.europesays.com\/fr\/194833\/"},"modified":"2025-06-22T02:23:15","modified_gmt":"2025-06-22T02:23:15","slug":"accident-de-voiture-en-pays-de-retz-un-jeune-evacue-par-helicoptere","status":"publish","type":"post","link":"https:\/\/www.europesays.com\/fr\/194833\/","title":{"rendered":"Accident de voiture en Pays de Retz, un jeune \u00e9vacu\u00e9 par h\u00e9licopt\u00e8re"},"content":{"rendered":"<p>Les pompiers \u00e9voquent un choc \u00ab\u00a0\u00e0 forte cin\u00e9tique\u00a0\u00bb.<\/p>\n<p>En fin d\u2019apr\u00e8s-midi, un violent accident impliquant une voiture seule a eu lieu \u00e0<a href=\"https:\/\/nantes.maville.com\/pays-de-la-loire\/loire-atlantique\/saint-hilaire-de-chaleons\/\" target=\"_self\" rel=\"noopener\"> Saint-Hilaire-de-Chal\u00e9ons<\/a>, en Pays de Retz, au niveau de la route du Pellerin.<\/p>\n<p>Deux jeunes bless\u00e9s<\/p>\n<p>Selon le Centre op\u00e9rationnel d\u00e9partemental d\u2019incendie et de secours (Codis) de Loire-Atlantique, les deux occupants du v\u00e9hicule sont bless\u00e9s. Il s\u2019agit d\u2019un jeune homme de 18\u00a0ans, bless\u00e9 grave et \u00e9vacu\u00e9 par h\u00e9licopt\u00e8re du Smur vers le CHU de Nantes. Une femme du m\u00eame \u00e2ge est plus l\u00e9g\u00e8rement bless\u00e9e.<\/p>\n<p>On ignore qui des victimes se trouvait au volant.\u00a0Les circonstances de l\u2019accident ne sont pas pr\u00e9cis\u00e9es.<\/p>\n<p>Le m\u00eame jour, une cycliste avait \u00e9t\u00e9 gravement bless\u00e9e \u00e0 Saint-Philbert-de-Grand-Lieu. <a href=\"https:\/\/nantes.maville.com\/actu\/actudet_-une-cycliste-blessee-grave-au-sud-de-nantes-_8-6863302_actu.Htm\" target=\"_self\" rel=\"noopener\">L\u2019automobiliste qui l\u2019a percut\u00e9e pourrait avoir \u00e9t\u00e9 aveugl\u00e9 par le soleil.<\/a><\/p>\n<p>\u00a0<\/p>\n","protected":false},"excerpt":{"rendered":"Les pompiers \u00e9voquent un choc \u00ab\u00a0\u00e0 forte cin\u00e9tique\u00a0\u00bb. En fin d\u2019apr\u00e8s-midi, un violent accident impliquant une voiture seule&hellip;\n","protected":false},"author":2,"featured_media":194834,"comment_status":"","ping_status":"","sticky":false,"template":"","format":"standard","meta":{"footnotes":""},"categories":[2818],"tags":[119,1111,11,1777,674,13275,1011,27,6373,3913,766,12,5457,2636,25,20369,4752],"class_list":{"0":"post-194833","1":"post","2":"type-post","3":"status-publish","4":"format-standard","5":"has-post-thumbnail","7":"category-nantes","8":"tag-accident","9":"tag-actu","10":"tag-actualites","11":"tag-eu","12":"tag-europe","13":"tag-evacue","14":"tag-fr","15":"tag-france","16":"tag-helicoptere","17":"tag-jeune","18":"tag-nantes","19":"tag-news","20":"tag-pays","21":"tag-pays-de-la-loire","22":"tag-republique-francaise","23":"tag-retz","24":"tag-voiture"},"share_on_mastodon":{"url":"https:\/\/pubeurope.com\/@fr\/114724641478659987","error":""},"_links":{"self":[{"href":"https:\/\/www.europesays.com\/fr\/wp-json\/wp\/v2\/posts\/194833","targetHints":{"allow":["GET"]}}],"collection":[{"href":"https:\/\/www.europesays.com\/fr\/wp-json\/wp\/v2\/posts"}],"about":[{"href":"https:\/\/www.europesays.com\/fr\/wp-json\/wp\/v2\/types\/post"}],"author":[{"embeddable":true,"href":"https:\/\/www.europesays.com\/fr\/wp-json\/wp\/v2\/users\/2"}],"replies":[{"embeddable":true,"href":"https:\/\/www.europesays.com\/fr\/wp-json\/wp\/v2\/comments?post=194833"}],"version-history":[{"count":0,"href":"https:\/\/www.europesays.com\/fr\/wp-json\/wp\/v2\/posts\/194833\/revisions"}],"wp:featuredmedia":[{"embeddable":true,"href":"https:\/\/www.europesays.com\/fr\/wp-json\/wp\/v2\/media\/194834"}],"wp:attachment":[{"href":"https:\/\/www.europesays.com\/fr\/wp-json\/wp\/v2\/media?parent=194833"}],"wp:term":[{"taxonomy":"category","embeddable":true,"href":"https:\/\/www.europesays.com\/fr\/wp-json\/wp\/v2\/categories?post=194833"},{"taxonomy":"post_tag","embeddable":true,"href":"https:\/\/www.europesays.com\/fr\/wp-json\/wp\/v2\/tags?post=194833"}],"curies":[{"name":"wp","href":"https:\/\/api.w.org\/{rel}","templated":true}]}}