{"id":194843,"date":"2025-06-22T02:28:13","date_gmt":"2025-06-22T02:28:13","guid":{"rendered":"https:\/\/www.europesays.com\/fr\/194843\/"},"modified":"2025-06-22T02:28:13","modified_gmt":"2025-06-22T02:28:13","slug":"largement-victorieux-de-toulon-bordeaux-begles-rejoint-toulouse-en-finale","status":"publish","type":"post","link":"https:\/\/www.europesays.com\/fr\/194843\/","title":{"rendered":"largement victorieux de Toulon, Bordeaux B\u00e8gles rejoint Toulouse en finale"},"content":{"rendered":"<p class=\"article-p mdl\">C&rsquo;est une le\u00e7on de rugby qu&rsquo;a donn\u00e9 l&rsquo;Union Bordeaux B\u00e8gles. Oppos\u00e9s au RC Toulon ce samedi soir, <strong>les Bordelais ont survol\u00e9 cette deuxi\u00e8me demi-finale<\/strong> et se sont impos\u00e9s (39-24) afin de se qualifier pour la finale du Top 14. Ils retrouveront le Stade toulousain, samedi 28 juin, au Stade de France.\u00a0<\/p>\n<p class=\"article-p mdl\">Deuxi\u00e8me de la phase r\u00e9guli\u00e8re de Top 14, <strong>l&rsquo;UBB a rapidement pris les devants<\/strong> avec une p\u00e9nalit\u00e9 de l&rsquo;ouvreur international, Matthieu Jalibert d\u00e8s la 6\u00e8me minute avant d&rsquo;inscrire le premier essai de la rencontre sign\u00e9 Nicolas Depoortere \u00e0 la 19\u00e8me.\u00a0<\/p>\n<p class=\"article-p mdl\">En t\u00eate \u00e0 la pause (15-10), les Bordelais ont ensuite acc\u00e9l\u00e9r\u00e9 pour ne plus jamais \u00eatre rejoints.\u00a0Cette demi-finale a \u00e9t\u00e9 marqu\u00e9e par la prestation XXL d&rsquo;un homme : le talonneur bordelais Maxime Lamothe, auteur de trois essais (27e, 45e et 55e). <strong>Du jamais vu \u00e0 ce stade de la comp\u00e9tition en Top 14<\/strong>.\u00a0<\/p>\n<p class=\"article-p mdl\">D\u00e9j\u00e0\u00a0<a class=\"link\" href=\"https:\/\/www.rtl.fr\/sport\/autres-sports\/rugby-pourquoi-une-victoire-de-l-ubb-en-finale-de-champions-cup-serait-historique-7900508743\" title=\"Rugby : Bordeaux-B\u00e8gles remporte la Champions Cup, le premier titre de son histoire\" target=\"_blank\" rel=\"noopener\">vainqueurs de la Champions Cup<\/a>\u00a0cette saison, les Bordelais se qualifient pour leur deuxi\u00e8me finale de championnat de France cons\u00e9cutive. Ce sera de nouveau contre le Stade toulousain, pour un remake de la finale 2024 qui reste <strong>un souvenir douloureux<\/strong> puisque les hommes de Yannick Bru s&rsquo;\u00e9tait tr\u00e8s lourdement inclin\u00e9s (59 -3). De son c\u00f4t\u00e9, Toulouse peut viser son troisi\u00e8me titre de suite.<\/p>\n<p>    La r\u00e9daction vous recommande<\/p>\n<p class=\"s-newsletter__title\">\n                L\u2019actualit\u00e9 par la r\u00e9daction de RTL dans votre bo\u00eete mail.\n            <\/p>\n<p class=\"s-newsletter__subtitle\">\n                Gr\u00e2ce \u00e0 votre compte RTL abonnez-vous \u00e0 la newsletter RTL info pour suivre toute l&rsquo;actualit\u00e9 au quotidien\n            <\/p>\n<p>\n                                    Lire la suite\n                                <\/p>\n","protected":false},"excerpt":{"rendered":"C&rsquo;est une le\u00e7on de rugby qu&rsquo;a donn\u00e9 l&rsquo;Union Bordeaux B\u00e8gles. Oppos\u00e9s au RC Toulon ce samedi soir, les&hellip;\n","protected":false},"author":2,"featured_media":194844,"comment_status":"","ping_status":"","sticky":false,"template":"","format":"standard","meta":{"footnotes":""},"categories":[2816],"tags":[1111,11,1997,1777,674,107,33361,1011,27,12,2680,8177,25,479,478,2310,2312],"class_list":{"0":"post-194843","1":"post","2":"type-post","3":"status-publish","4":"format-standard","5":"has-post-thumbnail","7":"category-toulouse","8":"tag-actu","9":"tag-actualites","10":"tag-bordeaux","11":"tag-eu","12":"tag-europe","13":"tag-fil-info","14":"tag-finale-top-14","15":"tag-fr","16":"tag-france","17":"tag-news","18":"tag-occitanie","19":"tag-rc-toulon","20":"tag-republique-francaise","21":"tag-rugby","22":"tag-top-14","23":"tag-toulon","24":"tag-toulouse"},"share_on_mastodon":{"url":"https:\/\/pubeurope.com\/@fr\/114724661037770697","error":""},"_links":{"self":[{"href":"https:\/\/www.europesays.com\/fr\/wp-json\/wp\/v2\/posts\/194843","targetHints":{"allow":["GET"]}}],"collection":[{"href":"https:\/\/www.europesays.com\/fr\/wp-json\/wp\/v2\/posts"}],"about":[{"href":"https:\/\/www.europesays.com\/fr\/wp-json\/wp\/v2\/types\/post"}],"author":[{"embeddable":true,"href":"https:\/\/www.europesays.com\/fr\/wp-json\/wp\/v2\/users\/2"}],"replies":[{"embeddable":true,"href":"https:\/\/www.europesays.com\/fr\/wp-json\/wp\/v2\/comments?post=194843"}],"version-history":[{"count":0,"href":"https:\/\/www.europesays.com\/fr\/wp-json\/wp\/v2\/posts\/194843\/revisions"}],"wp:featuredmedia":[{"embeddable":true,"href":"https:\/\/www.europesays.com\/fr\/wp-json\/wp\/v2\/media\/194844"}],"wp:attachment":[{"href":"https:\/\/www.europesays.com\/fr\/wp-json\/wp\/v2\/media?parent=194843"}],"wp:term":[{"taxonomy":"category","embeddable":true,"href":"https:\/\/www.europesays.com\/fr\/wp-json\/wp\/v2\/categories?post=194843"},{"taxonomy":"post_tag","embeddable":true,"href":"https:\/\/www.europesays.com\/fr\/wp-json\/wp\/v2\/tags?post=194843"}],"curies":[{"name":"wp","href":"https:\/\/api.w.org\/{rel}","templated":true}]}}